{"id":9435,"date":"2023-03-09T12:26:00","date_gmt":"2023-03-09T11:26:00","guid":{"rendered":"https:\/\/thisishello.it\/?p=9435"},"modified":"2025-05-03T00:15:21","modified_gmt":"2025-05-02T22:15:21","slug":"sara-de-mattia-racconta-lidentita-e-le-ambizioni-di-hello","status":"publish","type":"post","link":"https:\/\/thisishello.com\/it\/blog\/sara-de-mattia-racconta-lidentita-e-le-ambizioni-di-hello\/","title":{"rendered":"Sara De Mattia racconta l\u2019identit\u00e0 e le ambizioni di Hello"},"content":{"rendered":"\n<figure class=\"wp-block-image size-large\"><img loading=\"lazy\" decoding=\"async\" width=\"864\" height=\"1024\" src=\"https:\/\/dbv7kybiwltze.cloudfront.net\/wp-content\/uploads\/2023\/02\/Sara-De-Mattia-864x1024.png\" alt=\"\" class=\"wp-image-9378\" srcset=\"https:\/\/thisishello.com\/it\/wp-content\/uploads\/sites\/3\/2023\/02\/Sara-De-Mattia-864x1024.png 864w, https:\/\/thisishello.com\/it\/wp-content\/uploads\/sites\/3\/2023\/02\/Sara-De-Mattia-236x280.png 236w, https:\/\/thisishello.com\/it\/wp-content\/uploads\/sites\/3\/2023\/02\/Sara-De-Mattia-127x150.png 127w, https:\/\/thisishello.com\/it\/wp-content\/uploads\/sites\/3\/2023\/02\/Sara-De-Mattia-768x910.png 768w, https:\/\/thisishello.com\/it\/wp-content\/uploads\/sites\/3\/2023\/02\/Sara-De-Mattia-375x444.png 375w, https:\/\/thisishello.com\/it\/wp-content\/uploads\/sites\/3\/2023\/02\/Sara-De-Mattia.png 1080w\" sizes=\"auto, (max-width: 864px) 100vw, 864px\" \/><figcaption class=\"wp-element-caption\">Sara De Mattia, Business Director Hello<\/figcaption><\/figure>\n\n\n\n<p><strong>Dal 2019 si \u00e8 occupata di lanciare, sviluppare e gestire trasversalmente l&#8217;agenzia Hello,  nuovo brand di Plus Company, gruppo multinazionale di cui fa parte anche We Are Social: qual \u00e8 stato il suo approccio al progetto e che tipo di marcia e di carattere ha voluto imprimere al brand sotto la sua guida?<\/strong><\/p>\n\n\n\n<p>Un approccio tanto continuativo quanto evolutivo. Il bagaglio acquisito attraverso la mia esperienza e quella delle persone che con me hanno dato il La a questo progetto, \u00e8 un imprinting preziosissimo che ci ha permesso di avere le idee chiare fin da subito rispetto alla strada da intraprendere, ai progetti sui quali puntare, ai talenti da portare a bordo e valorizzare.&nbsp;D\u2019altro canto partecipare a qualcosa fin dal suo inizio offre l\u2019enorme opportunit\u00e0 del foglio bianco, su cui sperimentare, su cui testare soluzioni diverse e a volte poco convenzionali, su cui sbagliare e continuare a imparare insieme.La collisione di questi due aspetti, know how e intraprendenza, riassume bene chi siamo.<\/p>\n\n\n\n<p><strong>Pu\u00f2 raccontarci i risultati ottenuti dall&#8217;agenzia in questi primi 4 anni e indicarci quali sono gli obiettivi principali per il medio e il lungo periodo?<\/strong><\/p>\n\n\n\n<p>Sono stati quattro anni in cui tutto \u00e8 andato avanti molto velocemente e intensamente, con una crescita estremamente positiva su tutti i fronti. Il team che oggi conta gi\u00e0 70 persone, \u00e8 8 volte pi\u00f9 numeroso rispetto a quello di partenza e il business ha superato gli obiettivi che ci eravamo posti attraverso l\u2019acquisizione, costante e distribuita nel corso degli anni, di partner chiave che hanno scommesso su di noi e con i quali sviluppiamo progetti di cui andiamo molto orgogliosi.&nbsp;Nel 2021, inoltre, il brand \u00e8 stato lanciato anche in UK. L\u2019obiettivo futuro \u00e8 quello di continuare a crescere, facendolo in maniera sana, supportati dai risultati e da una visione solida. Siamo molto bravi a fare squadra e a mettere in campo un approccio flessibile ed efficace. Al crescere della nostra dimensione e del nostro percorso negli anni, vorrei che questo non cambiasse e si consolidasse come perno della nostra continua evoluzione.<\/p>\n\n\n\n<p><strong>Ci regali una selezione delle campagne di cui andate pi\u00f9 orgogliosi, quelle che rappresentano il miglior biglietto da visita dello spirito creativo di Hello.<\/strong><\/p>\n\n\n\n<p>Per semplicit\u00e0 ne sceglier\u00f2 4, come i nostri compleanni. La campagna che ha segnato il nostro primo anno \u00e8 sicuramente Stravoglia d\u2019estate per Volagratis con J-Ax e le Coliche. Abbiamo costruito una vera e propria parodia della hit \u2018Ostialido\u2019 utilizzando l\u2019irriverenza e il trattamento registico de Le Coliche, famoso trio comico romano. Il risultato \u00e8 stata una campagna multicanale che ha visto anche J-Ax largamente coinvolto in prima persona. Il progetto \u00e8 stato premiato con il Grand Prix agli NC Awards di quell\u2019edizione. Il secondo progetto che scelgo \u00e8 Matarena, per Ubisoft. Abbiamo studiato nel dettaglio il conversato rispetto al gioco Far Cry 6 e moltissimi utenti discutevano di quanto fosse strano poter utilizzare diversi espedienti, alcuni dei quali molto creativi, per condurre il gioco e difendersi. Uno di questi era una vera e propria \u201cspara CD\u201d che funzionava a ritmo di Macarena, da cui appunto \u2018Matarena\u2019. Nello stesso tempo, uno dei nostri obiettivi era ri-avvicinare i Millennial a questo titolo che ormai aveva perso un po\u2019 di grip su di loro. Questa feature del gioco era l\u2019aggancio perfetto. Abbiamo quindi costruito&nbsp; la nostra campagna proprio intorno alla Macarena e al confronto generazionale tra Z e Millennial, incidendo una coreografia Tik Tok originale della storica hit, portandola nel mondo del videogame e dei creator della piattaforma. Passiamo a Lol, il celebre show di Prime Video. Proprio in queste settimane ci stiamo focalizzando sulla terza edizione che \u00e8, come sempre, estremamente commentata. La prima \u00e8 stata un successo senza precedenti e forse non eravamo pronti alla portata delle conversazioni sullo show. Abbiamo reagito a quest\u2019onda travolgente con la massima reattivit\u00e0 possibile, cio\u00e8 creando esattamente i contenuti che la gente ci chiedeva. Moltissimi contenuti, costruiti proprio in base a quello che le persone cercavano e volevano. Abbiamo sviluppato una strategia molto focalizzata su YouTube creando interi filoni inediti per esaudire la fame di contributi speciali della nostra community. Abbiamo inciso anche la hit \u201cMignottone Pazzo\u201d grazie alla collaborazione di Michela Giraud che ha anche esaudito, cos\u00ec, il suo grande desiderio espresso all\u2019interno dello show. Il progetto \u00e8 stato premiato con il Grand Prix agli YouTube Awards in collaborazione con ADCI. L\u2019ultimo progetto che vi racconto \u00e8 \u201cIntervallo Incluso\u201d per il lancio di Prisma, sempre su Prime Video. Avevamo un brief difficile sul tavolo: avremmo dovuto raccontare una serie TV 100% italiana, focalizzata su tematiche LGBTQ+ e di Diversity &amp; Inclusion, rivolgendoci primariamente alla generazione Z. Siamo partiti dalla consapevolezza che la scuola abbia ancora molta strada da fare per parlare correttamente ai ragazzi di queste tematiche e sviluppare un dibattito effettivamente costruttivo. Abbiamo quindi scelto di lavorare presidiando proprio il momento dell\u2019intervallo scolastico, attraverso la distribuzione simultanea alla ricreazione di un original TikTok, ogni giorno della settimana.<br>Il partner perfetto per realizzarlo \u00e8 stato Will Media. Con loro, un gruppo di creator e il cast di Prisma abbiamo tenuto delle vere e proprie lezioni a scuola, in una classe liceale, analizzando insieme casi specifici e lasciando la parola a chi sulla tematica poteva dare davvero un contributo di valore, rendendolo disponibile online per tutti al suono della campanella.<\/p>\n\n\n\n<p><strong>Quali sono le principali sfide che una professionista under 40 deve affrontare oggi e quali ostacoli devono essere ancora abbattuti per garantire condizioni di lavoro pi\u00f9 adeguate e favorire l&#8217;ingresso dei giovani nel mondo professionale?<\/strong><\/p>\n\n\n\n<p>Sicuramente il mondo del lavoro sta cambiando moltissimo. Questo non \u00e8 avvenuto solo a partire dalla pandemia e dall\u2019evoluzione del paradigma che ne \u00e8 conseguita. L\u2019approccio di chi oggi ha meno di 30 anni \u00e8 sensibilmente diverso e lo \u00e8 su un piano sistemico, non congiunturale. Questo \u00e8 tanto affascinante quanto sfidante perch\u00e9 si colloca in uno scenario sociale ed economico fortemente incerto e poco rassicurante. Essere nati sostanzialmente in concomitanza con l\u2019arrivo dell\u2019onda di questo cambiamento ci d\u00e0 un vantaggio perch\u00e9 ci aiuta a plasmarci con esso senza esserne travolti. Credo che la valorizzazione dei percorsi professionali dei giovani talenti e la loro fidelizzazione sia uno degli aspetti al cuore della costruzione del nostro successo futuro. Nutrire una cultura aziendale che sappia interpretare e rispondere ai loro bisogni \u00e8 fondamentale. Questo diventa realmente potenziale non solo se i privati mettono in campo tutte le azioni possibili (culturali, contrattuali, organizzative etc) ma anche e soprattutto se queste azioni sono rese sostenibili dal sistema Paese che quando si parla di giovani, purtroppo, molte volte sembra ancora remare contro.<\/p>\n\n\n\n<p><strong>Hello ha recentemente presentato il programma di Uniqueness &amp; Inclusion: quali sono i presupposti fondamentali per costruire un ambiente di lavoro inclusivo, positivo e coeso e quali sono i valori che avete intenzione di salvaguardare e promuovere con questo programma?<\/strong><\/p>\n\n\n\n<p>Uno dei presupposti per costruire un ambiente inclusivo, positivo e coeso \u00e8 sicuramente favorire una cultura diversificata e rappresentativa, partendo dalla formazione. Questo \u00e8 proprio l\u2019obiettivo del nostro programma <em>Uniqueness &amp; Inclusion<\/em>, nato a fine 2022.<br>La scelta di adottare il termine <em>Uniqueness, <\/em>che ci consente di racchiudere il messaggio complessivo nell\u2019acronimo<em> U&amp;I<\/em>, rispecchia proprio la filosofia alla base del programma: vogliamo sottolineare soprattutto l\u2019importanza di rispettare l\u2019unicit\u00e0 di ogni individuo che fa parte della stessa comunit\u00e0 di persone e aiutare i dipendenti ad acquisire un ruolo attivo nel cambiamento, attraverso una maggiore consapevolezza dei pregiudizi e degli stereotipi che possono influenzare i propri atteggiamenti.<br>Siamo all\u2019inizio del nostro percorso, ma pensiamo di essere sulla giusta strada. Questo ce lo dice il percepito del team Hello, che viene monitorato annualmente su base locale e globale all\u2019interno del nostro network Plus Company attraverso la somministrazione di una survey interna. Dagli ultimi feedback \u00e8 emerso che il 90% dei dipendenti pensa che in agenzia tutti abbiano le stesse opportunit\u00e0 di crescita e sente di poter esprimere la propria natura sul posto di lavoro.&nbsp;<\/p>\n\n\n\n<p><strong>Pubblicit\u00e0 e comunicazione digitale ormai influenzano profondamente l&#8217;opinione pubblica, occorre quindi cercare di raccontare la realt\u00e0 nella maniera pi\u00f9 corretta. Sentite il peso di questa responsabilit\u00e0, soprattutto in un contesto attuale che spesso opta per soluzioni censorie?<\/strong><\/p>\n\n\n\n<p>Onestamente no, non ne sentiamo il peso. Sicuramente \u00e8 un\u2019 enorme responsabilit\u00e0 che non possiamo trascurare, ma la affrontiamo in maniera naturale perch\u00e9 \u00e8 nel nostro DNA.<br>La trasparenza del messaggio \u00e8 cruciale. La pubblicit\u00e0 ha da sempre un compito fondamentale nella vita delle persone, tanto pi\u00f9 nel contesto social e digital. Da questo punto di vista l\u2019impegno di chi opera nella nostra industry dovrebbe essere unanime. Questo non vuol dire appiattire il contenuto o renderlo \u201cnoioso\u201d o fintamente buonista, anzi. Significa aiutare i brand ad avere un impatto reale, restituendo un valore aggiunto per le persone, anche quando questo \u00e8 di puro intrattenimento. Significa essere al fianco dei nostri clienti e guidarli. Siamo al loro fianco da una parte per aiutarli a non cadere nelle facili trappole dei cosiddetti \u201cwashing\u201d siano essi green, pink, rainbow etc., e dall\u2019altra nell\u2019individuare il giusto linguaggio e la giusta chiave strategica e creativa sui temi per cui realmente i brand hanno un commitment da raccontare e su cui possono fare la differenza, anche attraverso la pubblicit\u00e0.<\/p>\n\n\n\n<p>L&#8217;intervista \u00e8 disponibile <a href=\"https:\/\/www.uominiedonnecomunicazione.com\/focus-agency-lintervista-a-sara-de-mattia-business-director-di-hello\/\">sul sito di Uomini &amp; Donne della <\/a><a href=\"https:\/\/www.uominiedonnecomunicazione.com\/focus-agency-lintervista-a-sara-de-mattia-business-director-di-hello\/\" target=\"_blank\" rel=\"noreferrer noopener\">Comunicazione<\/a><a href=\"https:\/\/www.uominiedonnecomunicazione.com\/focus-agency-lintervista-a-sara-de-mattia-business-director-di-hello\/\">.<\/a><\/p>\n","protected":false},"excerpt":{"rendered":"<p>In un\u2019intervista a Uomini &#038; Donne della Comunicazione, Sara De Mattia, Business Director di Hello, ripercorre la crescita dell\u2019agenzia e i nuovi progetti chiave.<\/p>\n","protected":false},"author":1008,"featured_media":9456,"comment_status":"closed","ping_status":"closed","sticky":false,"template":"","format":"standard","meta":{"inline_featured_image":false,"_author_name_metafield":"","_author_role_metafield":"","footnotes":""},"insight-types":[7861],"topics":[7862],"countries":[7813],"class_list":["post-9435","post","type-post","status-publish","format-standard","has-post-thumbnail","hentry","insight-type-news","topic-corporate","country-italia"],"yoast_head":"<!-- This site is optimized with the Yoast SEO plugin v27.5 - https:\/\/yoast.com\/product\/yoast-seo-wordpress\/ -->\n<title>Sara De Mattia racconta l\u2019identit\u00e0 e le ambizioni di Hello - Hello IT<\/title>\n<meta name=\"description\" content=\"In un\u2019intervista a Uomini &amp; Donne della Comunicazione, Sara De Mattia, Business Director di Hello, ripercorre la crescita dell\u2019agenzia e i nuovi progetti chiave.\" \/>\n<meta name=\"robots\" content=\"index, follow, max-snippet:-1, max-image-preview:large, max-video-preview:-1\" \/>\n<link rel=\"canonical\" href=\"https:\/\/thisishello.com\/it\/blog\/sara-de-mattia-racconta-lidentita-e-le-ambizioni-di-hello\/\" \/>\n<meta property=\"og:locale\" content=\"it_IT\" \/>\n<meta property=\"og:type\" content=\"article\" \/>\n<meta property=\"og:title\" content=\"Sara De Mattia racconta l\u2019identit\u00e0 e le ambizioni di Hello - Hello IT\" \/>\n<meta property=\"og:description\" content=\"In un\u2019intervista a Uomini &amp; Donne della Comunicazione, Sara De Mattia, Business Director di Hello, ripercorre la crescita dell\u2019agenzia e i nuovi progetti chiave.\" \/>\n<meta property=\"og:url\" content=\"https:\/\/thisishello.com\/it\/blog\/sara-de-mattia-racconta-lidentita-e-le-ambizioni-di-hello\/\" \/>\n<meta property=\"og:site_name\" content=\"Hello IT\" \/>\n<meta property=\"article:publisher\" content=\"https:\/\/www.facebook.com\/thisishelloit\" \/>\n<meta property=\"article:published_time\" content=\"2023-03-09T11:26:00+00:00\" \/>\n<meta property=\"article:modified_time\" content=\"2025-05-02T22:15:21+00:00\" \/>\n<meta property=\"og:image\" content=\"https:\/\/thisishello.com\/it\/wp-content\/uploads\/sites\/3\/2023\/03\/5R2A3580-1024x683.jpg\" \/>\n\t<meta property=\"og:image:width\" content=\"1024\" \/>\n\t<meta property=\"og:image:height\" content=\"683\" \/>\n\t<meta property=\"og:image:type\" content=\"image\/jpeg\" \/>\n<meta name=\"author\" content=\"thisishello\" \/>\n<meta name=\"twitter:card\" content=\"summary_large_image\" \/>\n<meta name=\"twitter:title\" content=\"Sara De Mattia racconta l\u2019identit\u00e0 e le ambizioni di Hello - Hello IT\" \/>\n<meta name=\"twitter:label1\" content=\"Scritto da\" \/>\n\t<meta name=\"twitter:data1\" content=\"thisishello\" \/>\n\t<meta name=\"twitter:label2\" content=\"Tempo di lettura stimato\" \/>\n\t<meta name=\"twitter:data2\" content=\"9 minuti\" \/>\n<script type=\"application\/ld+json\" class=\"yoast-schema-graph\">{\"@context\":\"https:\\\/\\\/schema.org\",\"@graph\":[{\"@type\":\"Article\",\"@id\":\"https:\\\/\\\/thisishello.com\\\/it\\\/blog\\\/sara-de-mattia-racconta-lidentita-e-le-ambizioni-di-hello\\\/#article\",\"isPartOf\":{\"@id\":\"https:\\\/\\\/thisishello.com\\\/it\\\/blog\\\/sara-de-mattia-racconta-lidentita-e-le-ambizioni-di-hello\\\/\"},\"author\":{\"name\":\"thisishello\",\"@id\":\"https:\\\/\\\/thisishello.com\\\/it\\\/#\\\/schema\\\/person\\\/5e91b1c81aae1fac11fab3910338ca98\"},\"headline\":\"Sara De Mattia racconta l\u2019identit\u00e0 e le ambizioni di Hello\",\"datePublished\":\"2023-03-09T11:26:00+00:00\",\"dateModified\":\"2025-05-02T22:15:21+00:00\",\"mainEntityOfPage\":{\"@id\":\"https:\\\/\\\/thisishello.com\\\/it\\\/blog\\\/sara-de-mattia-racconta-lidentita-e-le-ambizioni-di-hello\\\/\"},\"wordCount\":1542,\"publisher\":{\"@id\":\"https:\\\/\\\/thisishello.com\\\/it\\\/#organization\"},\"image\":{\"@id\":\"https:\\\/\\\/thisishello.com\\\/it\\\/blog\\\/sara-de-mattia-racconta-lidentita-e-le-ambizioni-di-hello\\\/#primaryimage\"},\"thumbnailUrl\":\"https:\\\/\\\/thisishello.com\\\/it\\\/wp-content\\\/uploads\\\/sites\\\/3\\\/2023\\\/03\\\/5R2A3580-scaled.jpg\",\"inLanguage\":\"it-IT\"},{\"@type\":\"WebPage\",\"@id\":\"https:\\\/\\\/thisishello.com\\\/it\\\/blog\\\/sara-de-mattia-racconta-lidentita-e-le-ambizioni-di-hello\\\/\",\"url\":\"https:\\\/\\\/thisishello.com\\\/it\\\/blog\\\/sara-de-mattia-racconta-lidentita-e-le-ambizioni-di-hello\\\/\",\"name\":\"Sara De Mattia racconta l\u2019identit\u00e0 e le ambizioni di Hello - Hello IT\",\"isPartOf\":{\"@id\":\"https:\\\/\\\/thisishello.com\\\/it\\\/#website\"},\"primaryImageOfPage\":{\"@id\":\"https:\\\/\\\/thisishello.com\\\/it\\\/blog\\\/sara-de-mattia-racconta-lidentita-e-le-ambizioni-di-hello\\\/#primaryimage\"},\"image\":{\"@id\":\"https:\\\/\\\/thisishello.com\\\/it\\\/blog\\\/sara-de-mattia-racconta-lidentita-e-le-ambizioni-di-hello\\\/#primaryimage\"},\"thumbnailUrl\":\"https:\\\/\\\/thisishello.com\\\/it\\\/wp-content\\\/uploads\\\/sites\\\/3\\\/2023\\\/03\\\/5R2A3580-scaled.jpg\",\"datePublished\":\"2023-03-09T11:26:00+00:00\",\"dateModified\":\"2025-05-02T22:15:21+00:00\",\"description\":\"In un\u2019intervista a Uomini & Donne della Comunicazione, Sara De Mattia, Business Director di Hello, ripercorre la crescita dell\u2019agenzia e i nuovi progetti chiave.\",\"breadcrumb\":{\"@id\":\"https:\\\/\\\/thisishello.com\\\/it\\\/blog\\\/sara-de-mattia-racconta-lidentita-e-le-ambizioni-di-hello\\\/#breadcrumb\"},\"inLanguage\":\"it-IT\",\"potentialAction\":[{\"@type\":\"ReadAction\",\"target\":[\"https:\\\/\\\/thisishello.com\\\/it\\\/blog\\\/sara-de-mattia-racconta-lidentita-e-le-ambizioni-di-hello\\\/\"]}]},{\"@type\":\"ImageObject\",\"inLanguage\":\"it-IT\",\"@id\":\"https:\\\/\\\/thisishello.com\\\/it\\\/blog\\\/sara-de-mattia-racconta-lidentita-e-le-ambizioni-di-hello\\\/#primaryimage\",\"url\":\"https:\\\/\\\/thisishello.com\\\/it\\\/wp-content\\\/uploads\\\/sites\\\/3\\\/2023\\\/03\\\/5R2A3580-scaled.jpg\",\"contentUrl\":\"https:\\\/\\\/thisishello.com\\\/it\\\/wp-content\\\/uploads\\\/sites\\\/3\\\/2023\\\/03\\\/5R2A3580-scaled.jpg\",\"width\":2560,\"height\":1707},{\"@type\":\"BreadcrumbList\",\"@id\":\"https:\\\/\\\/thisishello.com\\\/it\\\/blog\\\/sara-de-mattia-racconta-lidentita-e-le-ambizioni-di-hello\\\/#breadcrumb\",\"itemListElement\":[{\"@type\":\"ListItem\",\"position\":1,\"name\":\"Home\",\"item\":\"https:\\\/\\\/thisishello.com\\\/it\\\/\"},{\"@type\":\"ListItem\",\"position\":2,\"name\":\"Sara De Mattia racconta l\u2019identit\u00e0 e le ambizioni di Hello\"}]},{\"@type\":\"WebSite\",\"@id\":\"https:\\\/\\\/thisishello.com\\\/it\\\/#website\",\"url\":\"https:\\\/\\\/thisishello.com\\\/it\\\/\",\"name\":\"Hello IT\",\"description\":\"This Is Hello\",\"publisher\":{\"@id\":\"https:\\\/\\\/thisishello.com\\\/it\\\/#organization\"},\"potentialAction\":[{\"@type\":\"SearchAction\",\"target\":{\"@type\":\"EntryPoint\",\"urlTemplate\":\"https:\\\/\\\/thisishello.com\\\/it\\\/?s={search_term_string}\"},\"query-input\":{\"@type\":\"PropertyValueSpecification\",\"valueRequired\":true,\"valueName\":\"search_term_string\"}}],\"inLanguage\":\"it-IT\"},{\"@type\":\"Organization\",\"@id\":\"https:\\\/\\\/thisishello.com\\\/it\\\/#organization\",\"name\":\"This is Hello\",\"url\":\"https:\\\/\\\/thisishello.com\\\/it\\\/\",\"logo\":{\"@type\":\"ImageObject\",\"inLanguage\":\"it-IT\",\"@id\":\"https:\\\/\\\/thisishello.com\\\/it\\\/#\\\/schema\\\/logo\\\/image\\\/\",\"url\":\"https:\\\/\\\/thisishello.it\\\/wp-content\\\/uploads\\\/2023\\\/01\\\/android-chrome-512x512-1.png\",\"contentUrl\":\"https:\\\/\\\/thisishello.it\\\/wp-content\\\/uploads\\\/2023\\\/01\\\/android-chrome-512x512-1.png\",\"width\":512,\"height\":512,\"caption\":\"This is Hello\"},\"image\":{\"@id\":\"https:\\\/\\\/thisishello.com\\\/it\\\/#\\\/schema\\\/logo\\\/image\\\/\"},\"sameAs\":[\"https:\\\/\\\/www.facebook.com\\\/thisishelloit\",\"https:\\\/\\\/www.instagram.com\\\/thisishelloit\",\"https:\\\/\\\/it.linkedin.com\\\/company\\\/thisishello\"]},{\"@type\":\"Person\",\"@id\":\"https:\\\/\\\/thisishello.com\\\/it\\\/#\\\/schema\\\/person\\\/5e91b1c81aae1fac11fab3910338ca98\",\"name\":\"thisishello\",\"image\":{\"@type\":\"ImageObject\",\"inLanguage\":\"it-IT\",\"@id\":\"https:\\\/\\\/secure.gravatar.com\\\/avatar\\\/75d45b13284fa8f909e11b33f76066eec8e2f6c67f05b81b63429848b50ab764?s=96&d=mm&r=g\",\"url\":\"https:\\\/\\\/secure.gravatar.com\\\/avatar\\\/75d45b13284fa8f909e11b33f76066eec8e2f6c67f05b81b63429848b50ab764?s=96&d=mm&r=g\",\"contentUrl\":\"https:\\\/\\\/secure.gravatar.com\\\/avatar\\\/75d45b13284fa8f909e11b33f76066eec8e2f6c67f05b81b63429848b50ab764?s=96&d=mm&r=g\",\"caption\":\"thisishello\"},\"url\":\"https:\\\/\\\/thisishello.com\\\/it\\\/blog\\\/author\\\/thisishello\\\/\"}]}<\/script>\n<!-- \/ Yoast SEO plugin. -->","yoast_head_json":{"title":"Sara De Mattia racconta l\u2019identit\u00e0 e le ambizioni di Hello - Hello IT","description":"In un\u2019intervista a Uomini & Donne della Comunicazione, Sara De Mattia, Business Director di Hello, ripercorre la crescita dell\u2019agenzia e i nuovi progetti chiave.","robots":{"index":"index","follow":"follow","max-snippet":"max-snippet:-1","max-image-preview":"max-image-preview:large","max-video-preview":"max-video-preview:-1"},"canonical":"https:\/\/thisishello.com\/it\/blog\/sara-de-mattia-racconta-lidentita-e-le-ambizioni-di-hello\/","og_locale":"it_IT","og_type":"article","og_title":"Sara De Mattia racconta l\u2019identit\u00e0 e le ambizioni di Hello - Hello IT","og_description":"In un\u2019intervista a Uomini & Donne della Comunicazione, Sara De Mattia, Business Director di Hello, ripercorre la crescita dell\u2019agenzia e i nuovi progetti chiave.","og_url":"https:\/\/thisishello.com\/it\/blog\/sara-de-mattia-racconta-lidentita-e-le-ambizioni-di-hello\/","og_site_name":"Hello IT","article_publisher":"https:\/\/www.facebook.com\/thisishelloit","article_published_time":"2023-03-09T11:26:00+00:00","article_modified_time":"2025-05-02T22:15:21+00:00","og_image":[{"width":1024,"height":683,"url":"https:\/\/thisishello.com\/it\/wp-content\/uploads\/sites\/3\/2023\/03\/5R2A3580-1024x683.jpg","type":"image\/jpeg"}],"author":"thisishello","twitter_card":"summary_large_image","twitter_title":"Sara De Mattia racconta l\u2019identit\u00e0 e le ambizioni di Hello - Hello IT","twitter_misc":{"Scritto da":"thisishello","Tempo di lettura stimato":"9 minuti"},"schema":{"@context":"https:\/\/schema.org","@graph":[{"@type":"Article","@id":"https:\/\/thisishello.com\/it\/blog\/sara-de-mattia-racconta-lidentita-e-le-ambizioni-di-hello\/#article","isPartOf":{"@id":"https:\/\/thisishello.com\/it\/blog\/sara-de-mattia-racconta-lidentita-e-le-ambizioni-di-hello\/"},"author":{"name":"thisishello","@id":"https:\/\/thisishello.com\/it\/#\/schema\/person\/5e91b1c81aae1fac11fab3910338ca98"},"headline":"Sara De Mattia racconta l\u2019identit\u00e0 e le ambizioni di Hello","datePublished":"2023-03-09T11:26:00+00:00","dateModified":"2025-05-02T22:15:21+00:00","mainEntityOfPage":{"@id":"https:\/\/thisishello.com\/it\/blog\/sara-de-mattia-racconta-lidentita-e-le-ambizioni-di-hello\/"},"wordCount":1542,"publisher":{"@id":"https:\/\/thisishello.com\/it\/#organization"},"image":{"@id":"https:\/\/thisishello.com\/it\/blog\/sara-de-mattia-racconta-lidentita-e-le-ambizioni-di-hello\/#primaryimage"},"thumbnailUrl":"https:\/\/thisishello.com\/it\/wp-content\/uploads\/sites\/3\/2023\/03\/5R2A3580-scaled.jpg","inLanguage":"it-IT"},{"@type":"WebPage","@id":"https:\/\/thisishello.com\/it\/blog\/sara-de-mattia-racconta-lidentita-e-le-ambizioni-di-hello\/","url":"https:\/\/thisishello.com\/it\/blog\/sara-de-mattia-racconta-lidentita-e-le-ambizioni-di-hello\/","name":"Sara De Mattia racconta l\u2019identit\u00e0 e le ambizioni di Hello - Hello IT","isPartOf":{"@id":"https:\/\/thisishello.com\/it\/#website"},"primaryImageOfPage":{"@id":"https:\/\/thisishello.com\/it\/blog\/sara-de-mattia-racconta-lidentita-e-le-ambizioni-di-hello\/#primaryimage"},"image":{"@id":"https:\/\/thisishello.com\/it\/blog\/sara-de-mattia-racconta-lidentita-e-le-ambizioni-di-hello\/#primaryimage"},"thumbnailUrl":"https:\/\/thisishello.com\/it\/wp-content\/uploads\/sites\/3\/2023\/03\/5R2A3580-scaled.jpg","datePublished":"2023-03-09T11:26:00+00:00","dateModified":"2025-05-02T22:15:21+00:00","description":"In un\u2019intervista a Uomini & Donne della Comunicazione, Sara De Mattia, Business Director di Hello, ripercorre la crescita dell\u2019agenzia e i nuovi progetti chiave.","breadcrumb":{"@id":"https:\/\/thisishello.com\/it\/blog\/sara-de-mattia-racconta-lidentita-e-le-ambizioni-di-hello\/#breadcrumb"},"inLanguage":"it-IT","potentialAction":[{"@type":"ReadAction","target":["https:\/\/thisishello.com\/it\/blog\/sara-de-mattia-racconta-lidentita-e-le-ambizioni-di-hello\/"]}]},{"@type":"ImageObject","inLanguage":"it-IT","@id":"https:\/\/thisishello.com\/it\/blog\/sara-de-mattia-racconta-lidentita-e-le-ambizioni-di-hello\/#primaryimage","url":"https:\/\/thisishello.com\/it\/wp-content\/uploads\/sites\/3\/2023\/03\/5R2A3580-scaled.jpg","contentUrl":"https:\/\/thisishello.com\/it\/wp-content\/uploads\/sites\/3\/2023\/03\/5R2A3580-scaled.jpg","width":2560,"height":1707},{"@type":"BreadcrumbList","@id":"https:\/\/thisishello.com\/it\/blog\/sara-de-mattia-racconta-lidentita-e-le-ambizioni-di-hello\/#breadcrumb","itemListElement":[{"@type":"ListItem","position":1,"name":"Home","item":"https:\/\/thisishello.com\/it\/"},{"@type":"ListItem","position":2,"name":"Sara De Mattia racconta l\u2019identit\u00e0 e le ambizioni di Hello"}]},{"@type":"WebSite","@id":"https:\/\/thisishello.com\/it\/#website","url":"https:\/\/thisishello.com\/it\/","name":"Hello IT","description":"This Is Hello","publisher":{"@id":"https:\/\/thisishello.com\/it\/#organization"},"potentialAction":[{"@type":"SearchAction","target":{"@type":"EntryPoint","urlTemplate":"https:\/\/thisishello.com\/it\/?s={search_term_string}"},"query-input":{"@type":"PropertyValueSpecification","valueRequired":true,"valueName":"search_term_string"}}],"inLanguage":"it-IT"},{"@type":"Organization","@id":"https:\/\/thisishello.com\/it\/#organization","name":"This is Hello","url":"https:\/\/thisishello.com\/it\/","logo":{"@type":"ImageObject","inLanguage":"it-IT","@id":"https:\/\/thisishello.com\/it\/#\/schema\/logo\/image\/","url":"https:\/\/thisishello.it\/wp-content\/uploads\/2023\/01\/android-chrome-512x512-1.png","contentUrl":"https:\/\/thisishello.it\/wp-content\/uploads\/2023\/01\/android-chrome-512x512-1.png","width":512,"height":512,"caption":"This is Hello"},"image":{"@id":"https:\/\/thisishello.com\/it\/#\/schema\/logo\/image\/"},"sameAs":["https:\/\/www.facebook.com\/thisishelloit","https:\/\/www.instagram.com\/thisishelloit","https:\/\/it.linkedin.com\/company\/thisishello"]},{"@type":"Person","@id":"https:\/\/thisishello.com\/it\/#\/schema\/person\/5e91b1c81aae1fac11fab3910338ca98","name":"thisishello","image":{"@type":"ImageObject","inLanguage":"it-IT","@id":"https:\/\/secure.gravatar.com\/avatar\/75d45b13284fa8f909e11b33f76066eec8e2f6c67f05b81b63429848b50ab764?s=96&d=mm&r=g","url":"https:\/\/secure.gravatar.com\/avatar\/75d45b13284fa8f909e11b33f76066eec8e2f6c67f05b81b63429848b50ab764?s=96&d=mm&r=g","contentUrl":"https:\/\/secure.gravatar.com\/avatar\/75d45b13284fa8f909e11b33f76066eec8e2f6c67f05b81b63429848b50ab764?s=96&d=mm&r=g","caption":"thisishello"},"url":"https:\/\/thisishello.com\/it\/blog\/author\/thisishello\/"}]}},"_links":{"self":[{"href":"https:\/\/thisishello.com\/it\/wp-json\/wp\/v2\/posts\/9435","targetHints":{"allow":["GET"]}}],"collection":[{"href":"https:\/\/thisishello.com\/it\/wp-json\/wp\/v2\/posts"}],"about":[{"href":"https:\/\/thisishello.com\/it\/wp-json\/wp\/v2\/types\/post"}],"author":[{"embeddable":true,"href":"https:\/\/thisishello.com\/it\/wp-json\/wp\/v2\/users\/1008"}],"replies":[{"embeddable":true,"href":"https:\/\/thisishello.com\/it\/wp-json\/wp\/v2\/comments?post=9435"}],"version-history":[{"count":0,"href":"https:\/\/thisishello.com\/it\/wp-json\/wp\/v2\/posts\/9435\/revisions"}],"wp:featuredmedia":[{"embeddable":true,"href":"https:\/\/thisishello.com\/it\/wp-json\/wp\/v2\/media\/9456"}],"wp:attachment":[{"href":"https:\/\/thisishello.com\/it\/wp-json\/wp\/v2\/media?parent=9435"}],"wp:term":[{"taxonomy":"insight-type","embeddable":true,"href":"https:\/\/thisishello.com\/it\/wp-json\/wp\/v2\/insight-types?post=9435"},{"taxonomy":"topic","embeddable":true,"href":"https:\/\/thisishello.com\/it\/wp-json\/wp\/v2\/topics?post=9435"},{"taxonomy":"country","embeddable":true,"href":"https:\/\/thisishello.com\/it\/wp-json\/wp\/v2\/countries?post=9435"}],"curies":[{"name":"wp","href":"https:\/\/api.w.org\/{rel}","templated":true}]}}