{"id":9410,"date":"2022-07-18T16:20:00","date_gmt":"2022-07-18T14:20:00","guid":{"rendered":"https:\/\/thisishello.it\/?p=9410"},"modified":"2025-05-03T00:20:27","modified_gmt":"2025-05-02T22:20:27","slug":"hello-compie-3-anni-e-inaugura-la-nuova-sede-di-milano","status":"publish","type":"post","link":"https:\/\/thisishello.com\/it\/blog\/hello-compie-3-anni-e-inaugura-la-nuova-sede-di-milano\/","title":{"rendered":"Hello compie 3 anni e inaugura la nuova sede di Milano"},"content":{"rendered":"\n<p><strong>Hello, agenzia del gruppo Plus Company, compie 3 anni e inaugura i nuovi uffici di Via Sannio 3 a Milano<\/strong>. Aperta nel 2019, <strong>sotto la guida di Sara De Mattia<\/strong> come Business Director, l\u2019agenzia ha vissuto una rapida e continua crescita.&nbsp;<\/p>\n\n\n\n<p><strong>Il team conta oggi 65 persone <\/strong>e lavora con brand leader di settore, a livello locale e internazionale, che includono tra gli altri <strong>Amazon, AC Milan, Fila, Costa Crociere, Mutti, Ubisoft, Illimity Bank, Acer e il gruppo Lastminute<\/strong>. Tra i traguardi raggiunti dall\u2019agenzia, il <strong>Grand Prix<\/strong> alla prima edizione italiana degli YouTube Works Awards, ottenuto lo scorso 5 maggio con la campagna \u201c<strong>LOL Neverending Show<\/strong>\u201d, realizzata insieme a Prime Video.&nbsp;<\/p>\n\n\n\n<p>\u201cHello unisce le capacit\u00e0 esecutive di un\u2019agenzia integrata all\u2019expertise di una realt\u00e0 fortemente specializzata che fa del proprio DNA social il punto cardine. La capacit\u00e0 di individuare e implementare velocemente soluzioni efficaci unita alla nostra passione per la comprensione profonda delle community e delle piattaforme, hanno spinto fortemente la nostra crescita in questi anni\u201d, commenta <strong>Sara De Mattia, Business Director di Hello<\/strong>. \u201cSono stati 3 anni tanto intensi quanto ricchi di soddisfazioni; lo testimoniano le numerose collaborazioni consolidate in questi anni con brand multinazionali che spaziano dall\u2019intrattenimento al mondo travel, dallo sport al finance cos\u00ec come le altrettanto numerose posizioni aperte per tutti i reparti dell\u2019agenzia. Per questo, nonostante la grande incertezza con cui il mondo ha imparato suo malgrado a convivere, guardiamo al futuro con entusiasmo e voglia di continuare a crescere sempre di pi\u00f9. La differenza come sempre la fanno le persone e se c\u2019\u00e8 una formula magica a cui attribuire il successo di questi risultati allora \u00e8 sicuramente il team di Hello che vede Marco Vigan\u00f2, Gabriele Naia e Nicol\u00f2 Altizio coordinare, rispettivamente, il reparto creativo, strategico e di client service. Siamo una squadra fatta da professionisti giovani, capaci e affiatatissimi e a tutti loro va il ringraziamento pi\u00f9 grande perch\u00e9 rendono ogni giorno possibile tutto questo. E poi lo facciamo divertendoci molto e questa, forse, \u00e8 la cosa pi\u00f9 importante.\u201d<\/p>\n\n\n\n<p><strong>Hello ha di recente inaugurato la sua nuova sede milanese, <\/strong>nel complesso di Piazzale Lodi 3 riqualificato nel 2020, a ridosso dello scalo di Porta Romana.<strong> I nuovi uffici occupano uno spazio di circa 900 mq <\/strong>e sono stati realizzati con una forte personalizzazione per rispecchiare il carattere e i valori dell\u2019agenzia e favorire la nuova modalit\u00e0 di lavoro ibrida. Il progetto, sviluppato da Progetto CMR e Design&amp;Build con la supervisione artistica dell\u2019Arch. Guya Poli e dell\u2019Interior Designer Mattia Cimadoro, mette al centro la valorizzazione degli spazi che non solo creano il contesto ideale per lavorare in team e per stimolare la concentrazione individuale, ma anche per vivere momenti informali di puro svago. Questa versatilit\u00e0&nbsp; si sviluppa tanto in relazione agli interni quanto nello sfruttamento dell\u2019ampia area esterna, pensata come prolungamento dell\u2019ufficio stesso.&nbsp;<\/p>\n\n\n\n<p>Hello \u00e8 parte di <strong>Plus Company<\/strong>, un gruppo di oltre 20 agenzie creative, media e PR, con pi\u00f9 di 3.000 dipendenti in 12 Paesi in Nord America, Europa, Medio Oriente e Asia Pacifico. Oltre all\u2019Italia, Hello \u00e8 presente anche in Gran Bretagna con un ufficio aperto a novembre 2021.<br><br><em>\u201cAbbiamo deciso di aprire Hello solo 3 anni fa e i risultati ottenuti ad oggi dall\u2019agenzia vanno ben oltre le aspettative iniziali<\/em>\u201d, commentano <strong>Gabriele Cucinella, Stefano Maggi e Ottavio Nava, Senior Vice President, Plus Company.<\/strong> \u201c<em>L\u2019ottimo lavoro svolto dal team, sotto la guida di Sara De Mattia, ha reso possibile un importante percorso di crescita destinato a continuare e ad accelerare nel nuovo contesto di Plus Company che offrir\u00e0 ad Hello supporto e investimenti per continuare a sviluppare il proprio prodotto in linea con le necessit\u00e0 del mercato e dei clienti<\/em>\u201d.<\/p>\n\n\n\n<p><br><br><\/p>\n","protected":false},"excerpt":{"rendered":"<p>L\u2019agenzia festeggia il suo terzo compleanno con l\u2019apertura degli uffici in Via Sannio 3.<\/p>\n","protected":false},"author":1008,"featured_media":9424,"comment_status":"closed","ping_status":"closed","sticky":false,"template":"","format":"standard","meta":{"inline_featured_image":false,"_author_name_metafield":"","_author_role_metafield":"","footnotes":""},"insight-types":[7859],"topics":[7862],"countries":[7813],"class_list":["post-9410","post","type-post","status-publish","format-standard","has-post-thumbnail","hentry","insight-type-press-release","topic-corporate","country-italia"],"yoast_head":"<!-- This site is optimized with the Yoast SEO plugin v27.5 - https:\/\/yoast.com\/product\/yoast-seo-wordpress\/ -->\n<title>Hello compie 3 anni e inaugura la nuova sede di Milano - Hello IT<\/title>\n<meta name=\"description\" content=\"L\u2019agenzia festeggia il suo terzo compleanno con l\u2019apertura degli uffici in Via Sannio 3.\" \/>\n<meta name=\"robots\" content=\"index, follow, max-snippet:-1, max-image-preview:large, max-video-preview:-1\" \/>\n<link rel=\"canonical\" href=\"https:\/\/thisishello.com\/it\/blog\/hello-compie-3-anni-e-inaugura-la-nuova-sede-di-milano\/\" \/>\n<meta property=\"og:locale\" content=\"it_IT\" \/>\n<meta property=\"og:type\" content=\"article\" \/>\n<meta property=\"og:title\" content=\"Hello compie 3 anni e inaugura la nuova sede di Milano - Hello IT\" \/>\n<meta property=\"og:description\" content=\"L\u2019agenzia festeggia il suo terzo compleanno con l\u2019apertura degli uffici in Via Sannio 3.\" \/>\n<meta property=\"og:url\" content=\"https:\/\/thisishello.com\/it\/blog\/hello-compie-3-anni-e-inaugura-la-nuova-sede-di-milano\/\" \/>\n<meta property=\"og:site_name\" content=\"Hello IT\" \/>\n<meta property=\"article:publisher\" content=\"https:\/\/www.facebook.com\/thisishelloit\" \/>\n<meta property=\"article:published_time\" content=\"2022-07-18T14:20:00+00:00\" \/>\n<meta property=\"article:modified_time\" content=\"2025-05-02T22:20:27+00:00\" \/>\n<meta property=\"og:image\" content=\"https:\/\/thisishello.com\/it\/wp-content\/uploads\/sites\/3\/2023\/02\/IMG_0999-1024x683.jpg\" \/>\n\t<meta property=\"og:image:width\" content=\"1024\" \/>\n\t<meta property=\"og:image:height\" content=\"683\" \/>\n\t<meta property=\"og:image:type\" content=\"image\/jpeg\" \/>\n<meta name=\"author\" content=\"thisishello\" \/>\n<meta name=\"twitter:card\" content=\"summary_large_image\" \/>\n<meta name=\"twitter:title\" content=\"Hello compie 3 anni e inaugura la nuova sede di Milano - Hello IT\" \/>\n<meta name=\"twitter:label1\" content=\"Scritto da\" \/>\n\t<meta name=\"twitter:data1\" content=\"thisishello\" \/>\n\t<meta name=\"twitter:label2\" content=\"Tempo di lettura stimato\" \/>\n\t<meta name=\"twitter:data2\" content=\"4 minuti\" \/>\n<script type=\"application\/ld+json\" class=\"yoast-schema-graph\">{\"@context\":\"https:\\\/\\\/schema.org\",\"@graph\":[{\"@type\":\"Article\",\"@id\":\"https:\\\/\\\/thisishello.com\\\/it\\\/blog\\\/hello-compie-3-anni-e-inaugura-la-nuova-sede-di-milano\\\/#article\",\"isPartOf\":{\"@id\":\"https:\\\/\\\/thisishello.com\\\/it\\\/blog\\\/hello-compie-3-anni-e-inaugura-la-nuova-sede-di-milano\\\/\"},\"author\":{\"name\":\"thisishello\",\"@id\":\"https:\\\/\\\/thisishello.com\\\/it\\\/#\\\/schema\\\/person\\\/5e91b1c81aae1fac11fab3910338ca98\"},\"headline\":\"Hello compie 3 anni e inaugura la nuova sede di Milano\",\"datePublished\":\"2022-07-18T14:20:00+00:00\",\"dateModified\":\"2025-05-02T22:20:27+00:00\",\"mainEntityOfPage\":{\"@id\":\"https:\\\/\\\/thisishello.com\\\/it\\\/blog\\\/hello-compie-3-anni-e-inaugura-la-nuova-sede-di-milano\\\/\"},\"wordCount\":620,\"publisher\":{\"@id\":\"https:\\\/\\\/thisishello.com\\\/it\\\/#organization\"},\"image\":{\"@id\":\"https:\\\/\\\/thisishello.com\\\/it\\\/blog\\\/hello-compie-3-anni-e-inaugura-la-nuova-sede-di-milano\\\/#primaryimage\"},\"thumbnailUrl\":\"https:\\\/\\\/thisishello.com\\\/it\\\/wp-content\\\/uploads\\\/sites\\\/3\\\/2023\\\/02\\\/IMG_0999-scaled.jpg\",\"inLanguage\":\"it-IT\"},{\"@type\":\"WebPage\",\"@id\":\"https:\\\/\\\/thisishello.com\\\/it\\\/blog\\\/hello-compie-3-anni-e-inaugura-la-nuova-sede-di-milano\\\/\",\"url\":\"https:\\\/\\\/thisishello.com\\\/it\\\/blog\\\/hello-compie-3-anni-e-inaugura-la-nuova-sede-di-milano\\\/\",\"name\":\"Hello compie 3 anni e inaugura la nuova sede di Milano - Hello IT\",\"isPartOf\":{\"@id\":\"https:\\\/\\\/thisishello.com\\\/it\\\/#website\"},\"primaryImageOfPage\":{\"@id\":\"https:\\\/\\\/thisishello.com\\\/it\\\/blog\\\/hello-compie-3-anni-e-inaugura-la-nuova-sede-di-milano\\\/#primaryimage\"},\"image\":{\"@id\":\"https:\\\/\\\/thisishello.com\\\/it\\\/blog\\\/hello-compie-3-anni-e-inaugura-la-nuova-sede-di-milano\\\/#primaryimage\"},\"thumbnailUrl\":\"https:\\\/\\\/thisishello.com\\\/it\\\/wp-content\\\/uploads\\\/sites\\\/3\\\/2023\\\/02\\\/IMG_0999-scaled.jpg\",\"datePublished\":\"2022-07-18T14:20:00+00:00\",\"dateModified\":\"2025-05-02T22:20:27+00:00\",\"description\":\"L\u2019agenzia festeggia il suo terzo compleanno con l\u2019apertura degli uffici in Via Sannio 3.\",\"breadcrumb\":{\"@id\":\"https:\\\/\\\/thisishello.com\\\/it\\\/blog\\\/hello-compie-3-anni-e-inaugura-la-nuova-sede-di-milano\\\/#breadcrumb\"},\"inLanguage\":\"it-IT\",\"potentialAction\":[{\"@type\":\"ReadAction\",\"target\":[\"https:\\\/\\\/thisishello.com\\\/it\\\/blog\\\/hello-compie-3-anni-e-inaugura-la-nuova-sede-di-milano\\\/\"]}]},{\"@type\":\"ImageObject\",\"inLanguage\":\"it-IT\",\"@id\":\"https:\\\/\\\/thisishello.com\\\/it\\\/blog\\\/hello-compie-3-anni-e-inaugura-la-nuova-sede-di-milano\\\/#primaryimage\",\"url\":\"https:\\\/\\\/thisishello.com\\\/it\\\/wp-content\\\/uploads\\\/sites\\\/3\\\/2023\\\/02\\\/IMG_0999-scaled.jpg\",\"contentUrl\":\"https:\\\/\\\/thisishello.com\\\/it\\\/wp-content\\\/uploads\\\/sites\\\/3\\\/2023\\\/02\\\/IMG_0999-scaled.jpg\",\"width\":2560,\"height\":1707},{\"@type\":\"BreadcrumbList\",\"@id\":\"https:\\\/\\\/thisishello.com\\\/it\\\/blog\\\/hello-compie-3-anni-e-inaugura-la-nuova-sede-di-milano\\\/#breadcrumb\",\"itemListElement\":[{\"@type\":\"ListItem\",\"position\":1,\"name\":\"Home\",\"item\":\"https:\\\/\\\/thisishello.com\\\/it\\\/\"},{\"@type\":\"ListItem\",\"position\":2,\"name\":\"Hello compie 3 anni e inaugura la nuova sede di Milano\"}]},{\"@type\":\"WebSite\",\"@id\":\"https:\\\/\\\/thisishello.com\\\/it\\\/#website\",\"url\":\"https:\\\/\\\/thisishello.com\\\/it\\\/\",\"name\":\"Hello IT\",\"description\":\"This Is Hello\",\"publisher\":{\"@id\":\"https:\\\/\\\/thisishello.com\\\/it\\\/#organization\"},\"potentialAction\":[{\"@type\":\"SearchAction\",\"target\":{\"@type\":\"EntryPoint\",\"urlTemplate\":\"https:\\\/\\\/thisishello.com\\\/it\\\/?s={search_term_string}\"},\"query-input\":{\"@type\":\"PropertyValueSpecification\",\"valueRequired\":true,\"valueName\":\"search_term_string\"}}],\"inLanguage\":\"it-IT\"},{\"@type\":\"Organization\",\"@id\":\"https:\\\/\\\/thisishello.com\\\/it\\\/#organization\",\"name\":\"This is Hello\",\"url\":\"https:\\\/\\\/thisishello.com\\\/it\\\/\",\"logo\":{\"@type\":\"ImageObject\",\"inLanguage\":\"it-IT\",\"@id\":\"https:\\\/\\\/thisishello.com\\\/it\\\/#\\\/schema\\\/logo\\\/image\\\/\",\"url\":\"https:\\\/\\\/thisishello.it\\\/wp-content\\\/uploads\\\/2023\\\/01\\\/android-chrome-512x512-1.png\",\"contentUrl\":\"https:\\\/\\\/thisishello.it\\\/wp-content\\\/uploads\\\/2023\\\/01\\\/android-chrome-512x512-1.png\",\"width\":512,\"height\":512,\"caption\":\"This is Hello\"},\"image\":{\"@id\":\"https:\\\/\\\/thisishello.com\\\/it\\\/#\\\/schema\\\/logo\\\/image\\\/\"},\"sameAs\":[\"https:\\\/\\\/www.facebook.com\\\/thisishelloit\",\"https:\\\/\\\/www.instagram.com\\\/thisishelloit\",\"https:\\\/\\\/it.linkedin.com\\\/company\\\/thisishello\"]},{\"@type\":\"Person\",\"@id\":\"https:\\\/\\\/thisishello.com\\\/it\\\/#\\\/schema\\\/person\\\/5e91b1c81aae1fac11fab3910338ca98\",\"name\":\"thisishello\",\"image\":{\"@type\":\"ImageObject\",\"inLanguage\":\"it-IT\",\"@id\":\"https:\\\/\\\/secure.gravatar.com\\\/avatar\\\/75d45b13284fa8f909e11b33f76066eec8e2f6c67f05b81b63429848b50ab764?s=96&d=mm&r=g\",\"url\":\"https:\\\/\\\/secure.gravatar.com\\\/avatar\\\/75d45b13284fa8f909e11b33f76066eec8e2f6c67f05b81b63429848b50ab764?s=96&d=mm&r=g\",\"contentUrl\":\"https:\\\/\\\/secure.gravatar.com\\\/avatar\\\/75d45b13284fa8f909e11b33f76066eec8e2f6c67f05b81b63429848b50ab764?s=96&d=mm&r=g\",\"caption\":\"thisishello\"},\"url\":\"https:\\\/\\\/thisishello.com\\\/it\\\/blog\\\/author\\\/thisishello\\\/\"}]}<\/script>\n<!-- \/ Yoast SEO plugin. -->","yoast_head_json":{"title":"Hello compie 3 anni e inaugura la nuova sede di Milano - Hello IT","description":"L\u2019agenzia festeggia il suo terzo compleanno con l\u2019apertura degli uffici in Via Sannio 3.","robots":{"index":"index","follow":"follow","max-snippet":"max-snippet:-1","max-image-preview":"max-image-preview:large","max-video-preview":"max-video-preview:-1"},"canonical":"https:\/\/thisishello.com\/it\/blog\/hello-compie-3-anni-e-inaugura-la-nuova-sede-di-milano\/","og_locale":"it_IT","og_type":"article","og_title":"Hello compie 3 anni e inaugura la nuova sede di Milano - Hello IT","og_description":"L\u2019agenzia festeggia il suo terzo compleanno con l\u2019apertura degli uffici in Via Sannio 3.","og_url":"https:\/\/thisishello.com\/it\/blog\/hello-compie-3-anni-e-inaugura-la-nuova-sede-di-milano\/","og_site_name":"Hello IT","article_publisher":"https:\/\/www.facebook.com\/thisishelloit","article_published_time":"2022-07-18T14:20:00+00:00","article_modified_time":"2025-05-02T22:20:27+00:00","og_image":[{"width":1024,"height":683,"url":"https:\/\/thisishello.com\/it\/wp-content\/uploads\/sites\/3\/2023\/02\/IMG_0999-1024x683.jpg","type":"image\/jpeg"}],"author":"thisishello","twitter_card":"summary_large_image","twitter_title":"Hello compie 3 anni e inaugura la nuova sede di Milano - Hello IT","twitter_misc":{"Scritto da":"thisishello","Tempo di lettura stimato":"4 minuti"},"schema":{"@context":"https:\/\/schema.org","@graph":[{"@type":"Article","@id":"https:\/\/thisishello.com\/it\/blog\/hello-compie-3-anni-e-inaugura-la-nuova-sede-di-milano\/#article","isPartOf":{"@id":"https:\/\/thisishello.com\/it\/blog\/hello-compie-3-anni-e-inaugura-la-nuova-sede-di-milano\/"},"author":{"name":"thisishello","@id":"https:\/\/thisishello.com\/it\/#\/schema\/person\/5e91b1c81aae1fac11fab3910338ca98"},"headline":"Hello compie 3 anni e inaugura la nuova sede di Milano","datePublished":"2022-07-18T14:20:00+00:00","dateModified":"2025-05-02T22:20:27+00:00","mainEntityOfPage":{"@id":"https:\/\/thisishello.com\/it\/blog\/hello-compie-3-anni-e-inaugura-la-nuova-sede-di-milano\/"},"wordCount":620,"publisher":{"@id":"https:\/\/thisishello.com\/it\/#organization"},"image":{"@id":"https:\/\/thisishello.com\/it\/blog\/hello-compie-3-anni-e-inaugura-la-nuova-sede-di-milano\/#primaryimage"},"thumbnailUrl":"https:\/\/thisishello.com\/it\/wp-content\/uploads\/sites\/3\/2023\/02\/IMG_0999-scaled.jpg","inLanguage":"it-IT"},{"@type":"WebPage","@id":"https:\/\/thisishello.com\/it\/blog\/hello-compie-3-anni-e-inaugura-la-nuova-sede-di-milano\/","url":"https:\/\/thisishello.com\/it\/blog\/hello-compie-3-anni-e-inaugura-la-nuova-sede-di-milano\/","name":"Hello compie 3 anni e inaugura la nuova sede di Milano - Hello IT","isPartOf":{"@id":"https:\/\/thisishello.com\/it\/#website"},"primaryImageOfPage":{"@id":"https:\/\/thisishello.com\/it\/blog\/hello-compie-3-anni-e-inaugura-la-nuova-sede-di-milano\/#primaryimage"},"image":{"@id":"https:\/\/thisishello.com\/it\/blog\/hello-compie-3-anni-e-inaugura-la-nuova-sede-di-milano\/#primaryimage"},"thumbnailUrl":"https:\/\/thisishello.com\/it\/wp-content\/uploads\/sites\/3\/2023\/02\/IMG_0999-scaled.jpg","datePublished":"2022-07-18T14:20:00+00:00","dateModified":"2025-05-02T22:20:27+00:00","description":"L\u2019agenzia festeggia il suo terzo compleanno con l\u2019apertura degli uffici in Via Sannio 3.","breadcrumb":{"@id":"https:\/\/thisishello.com\/it\/blog\/hello-compie-3-anni-e-inaugura-la-nuova-sede-di-milano\/#breadcrumb"},"inLanguage":"it-IT","potentialAction":[{"@type":"ReadAction","target":["https:\/\/thisishello.com\/it\/blog\/hello-compie-3-anni-e-inaugura-la-nuova-sede-di-milano\/"]}]},{"@type":"ImageObject","inLanguage":"it-IT","@id":"https:\/\/thisishello.com\/it\/blog\/hello-compie-3-anni-e-inaugura-la-nuova-sede-di-milano\/#primaryimage","url":"https:\/\/thisishello.com\/it\/wp-content\/uploads\/sites\/3\/2023\/02\/IMG_0999-scaled.jpg","contentUrl":"https:\/\/thisishello.com\/it\/wp-content\/uploads\/sites\/3\/2023\/02\/IMG_0999-scaled.jpg","width":2560,"height":1707},{"@type":"BreadcrumbList","@id":"https:\/\/thisishello.com\/it\/blog\/hello-compie-3-anni-e-inaugura-la-nuova-sede-di-milano\/#breadcrumb","itemListElement":[{"@type":"ListItem","position":1,"name":"Home","item":"https:\/\/thisishello.com\/it\/"},{"@type":"ListItem","position":2,"name":"Hello compie 3 anni e inaugura la nuova sede di Milano"}]},{"@type":"WebSite","@id":"https:\/\/thisishello.com\/it\/#website","url":"https:\/\/thisishello.com\/it\/","name":"Hello IT","description":"This Is Hello","publisher":{"@id":"https:\/\/thisishello.com\/it\/#organization"},"potentialAction":[{"@type":"SearchAction","target":{"@type":"EntryPoint","urlTemplate":"https:\/\/thisishello.com\/it\/?s={search_term_string}"},"query-input":{"@type":"PropertyValueSpecification","valueRequired":true,"valueName":"search_term_string"}}],"inLanguage":"it-IT"},{"@type":"Organization","@id":"https:\/\/thisishello.com\/it\/#organization","name":"This is Hello","url":"https:\/\/thisishello.com\/it\/","logo":{"@type":"ImageObject","inLanguage":"it-IT","@id":"https:\/\/thisishello.com\/it\/#\/schema\/logo\/image\/","url":"https:\/\/thisishello.it\/wp-content\/uploads\/2023\/01\/android-chrome-512x512-1.png","contentUrl":"https:\/\/thisishello.it\/wp-content\/uploads\/2023\/01\/android-chrome-512x512-1.png","width":512,"height":512,"caption":"This is Hello"},"image":{"@id":"https:\/\/thisishello.com\/it\/#\/schema\/logo\/image\/"},"sameAs":["https:\/\/www.facebook.com\/thisishelloit","https:\/\/www.instagram.com\/thisishelloit","https:\/\/it.linkedin.com\/company\/thisishello"]},{"@type":"Person","@id":"https:\/\/thisishello.com\/it\/#\/schema\/person\/5e91b1c81aae1fac11fab3910338ca98","name":"thisishello","image":{"@type":"ImageObject","inLanguage":"it-IT","@id":"https:\/\/secure.gravatar.com\/avatar\/75d45b13284fa8f909e11b33f76066eec8e2f6c67f05b81b63429848b50ab764?s=96&d=mm&r=g","url":"https:\/\/secure.gravatar.com\/avatar\/75d45b13284fa8f909e11b33f76066eec8e2f6c67f05b81b63429848b50ab764?s=96&d=mm&r=g","contentUrl":"https:\/\/secure.gravatar.com\/avatar\/75d45b13284fa8f909e11b33f76066eec8e2f6c67f05b81b63429848b50ab764?s=96&d=mm&r=g","caption":"thisishello"},"url":"https:\/\/thisishello.com\/it\/blog\/author\/thisishello\/"}]}},"_links":{"self":[{"href":"https:\/\/thisishello.com\/it\/wp-json\/wp\/v2\/posts\/9410","targetHints":{"allow":["GET"]}}],"collection":[{"href":"https:\/\/thisishello.com\/it\/wp-json\/wp\/v2\/posts"}],"about":[{"href":"https:\/\/thisishello.com\/it\/wp-json\/wp\/v2\/types\/post"}],"author":[{"embeddable":true,"href":"https:\/\/thisishello.com\/it\/wp-json\/wp\/v2\/users\/1008"}],"replies":[{"embeddable":true,"href":"https:\/\/thisishello.com\/it\/wp-json\/wp\/v2\/comments?post=9410"}],"version-history":[{"count":0,"href":"https:\/\/thisishello.com\/it\/wp-json\/wp\/v2\/posts\/9410\/revisions"}],"wp:featuredmedia":[{"embeddable":true,"href":"https:\/\/thisishello.com\/it\/wp-json\/wp\/v2\/media\/9424"}],"wp:attachment":[{"href":"https:\/\/thisishello.com\/it\/wp-json\/wp\/v2\/media?parent=9410"}],"wp:term":[{"taxonomy":"insight-type","embeddable":true,"href":"https:\/\/thisishello.com\/it\/wp-json\/wp\/v2\/insight-types?post=9410"},{"taxonomy":"topic","embeddable":true,"href":"https:\/\/thisishello.com\/it\/wp-json\/wp\/v2\/topics?post=9410"},{"taxonomy":"country","embeddable":true,"href":"https:\/\/thisishello.com\/it\/wp-json\/wp\/v2\/countries?post=9410"}],"curies":[{"name":"wp","href":"https:\/\/api.w.org\/{rel}","templated":true}]}}