{"id":5979,"date":"2023-02-14T13:47:00","date_gmt":"2023-02-14T11:47:00","guid":{"rendered":"https:\/\/thisishello.it\/uk\/?p=11623"},"modified":"2025-05-03T00:16:50","modified_gmt":"2025-05-02T22:16:50","slug":"hello-al-via-le-iniziative-diversity-inclusion","status":"publish","type":"post","link":"https:\/\/thisishello.com\/it\/blog\/hello-al-via-le-iniziative-diversity-inclusion\/","title":{"rendered":"Hello, al via le iniziative di Diversity &#038; Inclusion"},"content":{"rendered":"\n<p>Per Hello, la creazione di <strong>un ambiente di lavoro inclusivo, positivo e coeso \u00e8 una priorit\u00e0.<\/strong><\/p>\n\n\n\n<p>A sostegno dell\u2019importanza strategica di questo aspetto, il percepito&nbsp; dei dipendenti viene monitorato annualmente su base locale e globale attraverso la somministrazione di una survey interna. Dagli ultimi feedback \u00e8 emerso che il 90% dei dipendenti pensa che in agenzia tutti abbiano le stesse opportunit\u00e0 di crescita e sente di poter esprimere la propria natura sul posto di lavoro.&nbsp; A conferma di un percorso di investimento importante su queste tematiche, i nostri team affermano di aver assistito a cambiamenti e progressi positivi per quanto riguarda le tematiche di D&amp;I. (+36% rispetto al 2021). A fine 2022, \u00e8 stato lanciato il programma strategico per l\u2019organizzazione e il supporto di iniziative di Diversity &amp; Inclusion: <strong>Uniqueness &amp; Inclusion<\/strong>. L\u2019agenzia milanese ha deciso di adottare il termine <em>uniqueness<\/em> per sottolineare l\u2019importanza di rispettare l\u2019unicit\u00e0 di ogni individuo che fa parte della stessa comunit\u00e0 di persone. La filosofia alla base delle attivit\u00e0 del comitato, composto da un team cross funzionale su base volontaria,&nbsp; \u00e8 proprio quella di costruire una <strong>cultura diversificata e rappresentativa dove tutti si sentano inclusi<\/strong>. La mission \u00e8 quella di <strong>prevenire e alleviare la discriminazione aumentando la consapevolezza ed educando le persone a celebrare l&#8217;unicit\u00e0 di ogni individuo<\/strong>. I temi su cui Hello si focalizza in questo ambito sono: l\u2019<strong>abilismo<\/strong>, la <strong>causa LGBTQIA+<\/strong>, il <strong>razzismo<\/strong>, la <strong><em>body positivity<\/em><\/strong> e la <strong>parit\u00e0 di genere<\/strong>.&nbsp;<\/p>\n\n\n\n<p>Il piano di iniziative interne, che si colloca nel programma globale promosso dal gruppo Plus Company, \u00e8 stato studiato per essere una guida volta ad aiutare i dipendenti ad acquisire una maggiore consapevolezza dei pregiudizi e degli stereotipi che possono influenzare i propri atteggiamenti.&nbsp;<\/p>\n\n\n\n<p>La prima iniziativa lanciata dal team \u00e8 partita a fine gennaio 2023. L\u2019incontro interno, organizzato con l\u2019attivista e divulgatrice <a href=\"https:\/\/www.instagram.com\/dalila.bagnuli\/\" target=\"_blank\" rel=\"noreferrer noopener\">Dalila Bagnuli<\/a>, si \u00e8 focalizzato sulla nascita del movimento della <em>body positivity<\/em> e sull\u2019impatto della pubblicit\u00e0 sulla percezione dei corpi.<\/p>\n\n\n\n<p class=\"has-black-color has-text-color\">La unit, oltre a lavorare a tematiche di D&amp;I, si occupa anche di<strong> CSR<\/strong>, con focus su: <em>charity, environmental consciousness e animal welfare. <\/em>Proprio in questo ambito, a dicembre 2022, \u00e8 iniziata anche la collaborazione con la onlus <a href=\"http:\/\/www.volontaricittadini.it\/\" target=\"_blank\" rel=\"noreferrer noopener\">VoCi<\/a>, tramite l\u2019associazione <a href=\"https:\/\/www.milanoaltruista.org\/\" target=\"_blank\" rel=\"noreferrer noopener\">MilanoAltruista<\/a>. Hello ha organizzato una raccolta di beni di prima necessit\u00e0 (vestiti e alimenti) tra i propri dipendenti, i quali hanno poi partecipato attivamente alla distribuzione avvenuta a inizio gennaio 2023. Si tratta solo della prima delle uscite con le unit\u00e0 di strada a supporto dei senza tetto nel comune di Milano per i dipendenti di Hello, i quali affiancheranno settimanalmente i volontari. A febbraio 2023, partir\u00e0 anche la collaborazione con <a href=\"https:\/\/operasanfrancesco.it\/chi-siamo\/missione\/\" target=\"_blank\" rel=\"noreferrer noopener\">Opera San Francesco<\/a>, realt\u00e0 fondata nel 1959 dai Frati Cappuccini di viale Piave a Milano, che si impegna ad assicurare assistenza gratuita e accoglienza ai bisognosi. Su base volontaria, i dipendenti di Hello si occuperanno della distribuzione della cena agli utenti dell\u2019associazione, affiancando i volontari di Opera San Francesco.<\/p>\n\n\n\n<p>\u201c<em>Le iniziative di Uniqueness, Inclusion e CSR non sono una novit\u00e0, bens\u00ec un modo di vedere e fare le cose che ci appartiene fin dalla nostra nascita e a cui stiamo dando sempre pi\u00f9 struttura per far s\u00ec che ogni aspetto del nostro lavoro ne sia permeato. Dalla fase di selezione e valorizzazione dei talenti, alle attivit\u00e0 di comunicazione e organizzazione interna; da attivit\u00e0 di formazione dedicate a tutto il team alla promozione di una visione rispettosa delle unicit\u00e0 applicata alle campagne e al lavoro che ogni giorno sviluppiamo con i nostri clienti.\u201d, <\/em><strong>Sara De Mattia, Business Director Hello<\/strong>.<\/p>\n\n\n\n<figure class=\"wp-block-image size-large\"><img loading=\"lazy\" decoding=\"async\" width=\"864\" height=\"1024\" src=\"https:\/\/thisishello.it\/wp-content\/uploads\/2023\/02\/Sara-De-Mattia-864x1024.png\" alt=\"Sara De Mattia, Business Director Hello\" class=\"wp-image-9378\" title=\"Sara De Mattia, Business Director Hello\" srcset=\"https:\/\/thisishello.com\/it\/wp-content\/uploads\/sites\/3\/2023\/02\/Sara-De-Mattia-864x1024.png 864w, https:\/\/thisishello.com\/it\/wp-content\/uploads\/sites\/3\/2023\/02\/Sara-De-Mattia-236x280.png 236w, https:\/\/thisishello.com\/it\/wp-content\/uploads\/sites\/3\/2023\/02\/Sara-De-Mattia-127x150.png 127w, https:\/\/thisishello.com\/it\/wp-content\/uploads\/sites\/3\/2023\/02\/Sara-De-Mattia-768x910.png 768w, https:\/\/thisishello.com\/it\/wp-content\/uploads\/sites\/3\/2023\/02\/Sara-De-Mattia-375x444.png 375w, https:\/\/thisishello.com\/it\/wp-content\/uploads\/sites\/3\/2023\/02\/Sara-De-Mattia.png 1080w\" sizes=\"auto, (max-width: 864px) 100vw, 864px\" \/><figcaption class=\"wp-element-caption\">Sara De Mattia, Business Director Hello<\/figcaption><\/figure>\n\n\n\n<p><em>\u201cPer un\u2019agenzia che opera nel mondo dell\u2019advertising, impegnarsi sul fronte della D&amp;I e della CSR \u00e8 un dovere. Da sempre la pubblicit\u00e0 \u2013 e la comunicazione in senso ampio \u2013 influenzano il linguaggio e il percepito delle persone; per questo motivo abbiamo la responsabilit\u00e0 sociale di trattare determinate tematiche in modo corretto ed accurato, e questo \u00e8 possibile solo attraverso un processo di sensibilizzazione e formazione delle persone.\u201d<\/em>,<strong> Aziza Ibrahim Ahmed, Research &amp; Insight Supervisor e Responsabile del gruppo U&amp;I Hello<\/strong><\/p>\n\n\n\n<figure class=\"wp-block-image size-full\"><img loading=\"lazy\" decoding=\"async\" width=\"1080\" height=\"1280\" src=\"https:\/\/thisishello.it\/wp-content\/uploads\/2023\/02\/Aziza-Ibrahim-Ahmed.png\" alt=\"Aziza Ibrahim Ahmed, Research &amp; Insight Supervisor e Responsabile del gruppo U&amp;I Hello\" class=\"wp-image-9379\" title=\"Aziza Ibrahim Ahmed, Research &amp; Insight Supervisor e Responsabile del gruppo U&amp;I Hello\" srcset=\"https:\/\/thisishello.com\/it\/wp-content\/uploads\/sites\/3\/2023\/02\/Aziza-Ibrahim-Ahmed.png 1080w, https:\/\/thisishello.com\/it\/wp-content\/uploads\/sites\/3\/2023\/02\/Aziza-Ibrahim-Ahmed-236x280.png 236w, https:\/\/thisishello.com\/it\/wp-content\/uploads\/sites\/3\/2023\/02\/Aziza-Ibrahim-Ahmed-864x1024.png 864w, https:\/\/thisishello.com\/it\/wp-content\/uploads\/sites\/3\/2023\/02\/Aziza-Ibrahim-Ahmed-127x150.png 127w, https:\/\/thisishello.com\/it\/wp-content\/uploads\/sites\/3\/2023\/02\/Aziza-Ibrahim-Ahmed-768x910.png 768w, https:\/\/thisishello.com\/it\/wp-content\/uploads\/sites\/3\/2023\/02\/Aziza-Ibrahim-Ahmed-375x444.png 375w\" sizes=\"auto, (max-width: 1080px) 100vw, 1080px\" \/><figcaption class=\"wp-element-caption\">Aziza Ibrahim Ahmed, Research &amp; Insight Supervisor e Responsabile del gruppo U&amp;I Hello<\/figcaption><\/figure>\n\n\n\n<p><br><br><\/p>\n","protected":false},"excerpt":{"rendered":"<p>L\u2019agenzia presenta il programma di Uniqueness &#038; Inclusion, volto a costruire e sostenere una cultura diversificata dove tutti si sentano inclusi.<\/p>\n","protected":false},"author":1008,"featured_media":9377,"comment_status":"closed","ping_status":"closed","sticky":false,"template":"","format":"standard","meta":{"inline_featured_image":false,"_author_name_metafield":"","_author_role_metafield":"","footnotes":""},"insight-types":[7859],"topics":[7860],"countries":[7813],"class_list":["post-5979","post","type-post","status-publish","format-standard","has-post-thumbnail","hentry","insight-type-press-release","topic-ui","country-italia"],"yoast_head":"<!-- This site is optimized with the Yoast SEO plugin v27.5 - https:\/\/yoast.com\/product\/yoast-seo-wordpress\/ -->\n<title>Hello, al via le iniziative di Diversity &amp; Inclusion - Hello IT<\/title>\n<meta name=\"description\" content=\"L\u2019agenzia presenta il programma di Uniqueness &amp; Inclusion, volto a costruire e sostenere una cultura diversificata dove tutti si sentano inclusi.\" \/>\n<meta name=\"robots\" content=\"index, follow, max-snippet:-1, max-image-preview:large, max-video-preview:-1\" \/>\n<link rel=\"canonical\" href=\"https:\/\/thisishello.com\/it\/blog\/hello-al-via-le-iniziative-diversity-inclusion\/\" \/>\n<meta property=\"og:locale\" content=\"it_IT\" \/>\n<meta property=\"og:type\" content=\"article\" \/>\n<meta property=\"og:title\" content=\"Hello, al via le iniziative di Diversity &amp; Inclusion - Hello IT\" \/>\n<meta property=\"og:description\" content=\"L\u2019agenzia presenta il programma di Uniqueness &amp; Inclusion, volto a costruire e sostenere una cultura diversificata dove tutti si sentano inclusi.\" \/>\n<meta property=\"og:url\" content=\"https:\/\/thisishello.com\/it\/blog\/hello-al-via-le-iniziative-diversity-inclusion\/\" \/>\n<meta property=\"og:site_name\" content=\"Hello IT\" \/>\n<meta property=\"article:publisher\" content=\"https:\/\/www.facebook.com\/thisishelloit\" \/>\n<meta property=\"article:published_time\" content=\"2023-02-14T11:47:00+00:00\" \/>\n<meta property=\"article:modified_time\" content=\"2025-05-02T22:16:50+00:00\" \/>\n<meta property=\"og:image\" content=\"https:\/\/thisishello.com\/it\/wp-content\/uploads\/sites\/3\/2023\/02\/Workshop-Body-Positivity-1024x683.jpg\" \/>\n\t<meta property=\"og:image:width\" content=\"1024\" \/>\n\t<meta property=\"og:image:height\" content=\"683\" \/>\n\t<meta property=\"og:image:type\" content=\"image\/jpeg\" \/>\n<meta name=\"author\" content=\"thisishello\" \/>\n<meta name=\"twitter:card\" content=\"summary_large_image\" \/>\n<meta name=\"twitter:title\" content=\"Hello, al via le iniziative di Diversity &amp; Inclusion - Hello IT\" \/>\n<meta name=\"twitter:label1\" content=\"Scritto da\" \/>\n\t<meta name=\"twitter:data1\" content=\"thisishello\" \/>\n\t<meta name=\"twitter:label2\" content=\"Tempo di lettura stimato\" \/>\n\t<meta name=\"twitter:data2\" content=\"4 minuti\" \/>\n<script type=\"application\/ld+json\" class=\"yoast-schema-graph\">{\"@context\":\"https:\\\/\\\/schema.org\",\"@graph\":[{\"@type\":\"Article\",\"@id\":\"https:\\\/\\\/thisishello.com\\\/it\\\/blog\\\/hello-al-via-le-iniziative-diversity-inclusion\\\/#article\",\"isPartOf\":{\"@id\":\"https:\\\/\\\/thisishello.com\\\/it\\\/blog\\\/hello-al-via-le-iniziative-diversity-inclusion\\\/\"},\"author\":{\"name\":\"thisishello\",\"@id\":\"https:\\\/\\\/thisishello.com\\\/it\\\/#\\\/schema\\\/person\\\/5e91b1c81aae1fac11fab3910338ca98\"},\"headline\":\"Hello, al via le iniziative di Diversity &#038; Inclusion\",\"datePublished\":\"2023-02-14T11:47:00+00:00\",\"dateModified\":\"2025-05-02T22:16:50+00:00\",\"mainEntityOfPage\":{\"@id\":\"https:\\\/\\\/thisishello.com\\\/it\\\/blog\\\/hello-al-via-le-iniziative-diversity-inclusion\\\/\"},\"wordCount\":695,\"publisher\":{\"@id\":\"https:\\\/\\\/thisishello.com\\\/it\\\/#organization\"},\"image\":{\"@id\":\"https:\\\/\\\/thisishello.com\\\/it\\\/blog\\\/hello-al-via-le-iniziative-diversity-inclusion\\\/#primaryimage\"},\"thumbnailUrl\":\"https:\\\/\\\/thisishello.com\\\/it\\\/wp-content\\\/uploads\\\/sites\\\/3\\\/2023\\\/02\\\/Workshop-Body-Positivity-scaled.jpg\",\"inLanguage\":\"it-IT\"},{\"@type\":\"WebPage\",\"@id\":\"https:\\\/\\\/thisishello.com\\\/it\\\/blog\\\/hello-al-via-le-iniziative-diversity-inclusion\\\/\",\"url\":\"https:\\\/\\\/thisishello.com\\\/it\\\/blog\\\/hello-al-via-le-iniziative-diversity-inclusion\\\/\",\"name\":\"Hello, al via le iniziative di Diversity & Inclusion - Hello IT\",\"isPartOf\":{\"@id\":\"https:\\\/\\\/thisishello.com\\\/it\\\/#website\"},\"primaryImageOfPage\":{\"@id\":\"https:\\\/\\\/thisishello.com\\\/it\\\/blog\\\/hello-al-via-le-iniziative-diversity-inclusion\\\/#primaryimage\"},\"image\":{\"@id\":\"https:\\\/\\\/thisishello.com\\\/it\\\/blog\\\/hello-al-via-le-iniziative-diversity-inclusion\\\/#primaryimage\"},\"thumbnailUrl\":\"https:\\\/\\\/thisishello.com\\\/it\\\/wp-content\\\/uploads\\\/sites\\\/3\\\/2023\\\/02\\\/Workshop-Body-Positivity-scaled.jpg\",\"datePublished\":\"2023-02-14T11:47:00+00:00\",\"dateModified\":\"2025-05-02T22:16:50+00:00\",\"description\":\"L\u2019agenzia presenta il programma di Uniqueness & Inclusion, volto a costruire e sostenere una cultura diversificata dove tutti si sentano inclusi.\",\"breadcrumb\":{\"@id\":\"https:\\\/\\\/thisishello.com\\\/it\\\/blog\\\/hello-al-via-le-iniziative-diversity-inclusion\\\/#breadcrumb\"},\"inLanguage\":\"it-IT\",\"potentialAction\":[{\"@type\":\"ReadAction\",\"target\":[\"https:\\\/\\\/thisishello.com\\\/it\\\/blog\\\/hello-al-via-le-iniziative-diversity-inclusion\\\/\"]}]},{\"@type\":\"ImageObject\",\"inLanguage\":\"it-IT\",\"@id\":\"https:\\\/\\\/thisishello.com\\\/it\\\/blog\\\/hello-al-via-le-iniziative-diversity-inclusion\\\/#primaryimage\",\"url\":\"https:\\\/\\\/thisishello.com\\\/it\\\/wp-content\\\/uploads\\\/sites\\\/3\\\/2023\\\/02\\\/Workshop-Body-Positivity-scaled.jpg\",\"contentUrl\":\"https:\\\/\\\/thisishello.com\\\/it\\\/wp-content\\\/uploads\\\/sites\\\/3\\\/2023\\\/02\\\/Workshop-Body-Positivity-scaled.jpg\",\"width\":2560,\"height\":1707},{\"@type\":\"BreadcrumbList\",\"@id\":\"https:\\\/\\\/thisishello.com\\\/it\\\/blog\\\/hello-al-via-le-iniziative-diversity-inclusion\\\/#breadcrumb\",\"itemListElement\":[{\"@type\":\"ListItem\",\"position\":1,\"name\":\"Home\",\"item\":\"https:\\\/\\\/thisishello.com\\\/it\\\/\"},{\"@type\":\"ListItem\",\"position\":2,\"name\":\"Hello, al via le iniziative di Diversity &#038; Inclusion\"}]},{\"@type\":\"WebSite\",\"@id\":\"https:\\\/\\\/thisishello.com\\\/it\\\/#website\",\"url\":\"https:\\\/\\\/thisishello.com\\\/it\\\/\",\"name\":\"Hello IT\",\"description\":\"This Is Hello\",\"publisher\":{\"@id\":\"https:\\\/\\\/thisishello.com\\\/it\\\/#organization\"},\"potentialAction\":[{\"@type\":\"SearchAction\",\"target\":{\"@type\":\"EntryPoint\",\"urlTemplate\":\"https:\\\/\\\/thisishello.com\\\/it\\\/?s={search_term_string}\"},\"query-input\":{\"@type\":\"PropertyValueSpecification\",\"valueRequired\":true,\"valueName\":\"search_term_string\"}}],\"inLanguage\":\"it-IT\"},{\"@type\":\"Organization\",\"@id\":\"https:\\\/\\\/thisishello.com\\\/it\\\/#organization\",\"name\":\"This is Hello\",\"url\":\"https:\\\/\\\/thisishello.com\\\/it\\\/\",\"logo\":{\"@type\":\"ImageObject\",\"inLanguage\":\"it-IT\",\"@id\":\"https:\\\/\\\/thisishello.com\\\/it\\\/#\\\/schema\\\/logo\\\/image\\\/\",\"url\":\"https:\\\/\\\/thisishello.it\\\/wp-content\\\/uploads\\\/2023\\\/01\\\/android-chrome-512x512-1.png\",\"contentUrl\":\"https:\\\/\\\/thisishello.it\\\/wp-content\\\/uploads\\\/2023\\\/01\\\/android-chrome-512x512-1.png\",\"width\":512,\"height\":512,\"caption\":\"This is Hello\"},\"image\":{\"@id\":\"https:\\\/\\\/thisishello.com\\\/it\\\/#\\\/schema\\\/logo\\\/image\\\/\"},\"sameAs\":[\"https:\\\/\\\/www.facebook.com\\\/thisishelloit\",\"https:\\\/\\\/www.instagram.com\\\/thisishelloit\",\"https:\\\/\\\/it.linkedin.com\\\/company\\\/thisishello\"]},{\"@type\":\"Person\",\"@id\":\"https:\\\/\\\/thisishello.com\\\/it\\\/#\\\/schema\\\/person\\\/5e91b1c81aae1fac11fab3910338ca98\",\"name\":\"thisishello\",\"image\":{\"@type\":\"ImageObject\",\"inLanguage\":\"it-IT\",\"@id\":\"https:\\\/\\\/secure.gravatar.com\\\/avatar\\\/75d45b13284fa8f909e11b33f76066eec8e2f6c67f05b81b63429848b50ab764?s=96&d=mm&r=g\",\"url\":\"https:\\\/\\\/secure.gravatar.com\\\/avatar\\\/75d45b13284fa8f909e11b33f76066eec8e2f6c67f05b81b63429848b50ab764?s=96&d=mm&r=g\",\"contentUrl\":\"https:\\\/\\\/secure.gravatar.com\\\/avatar\\\/75d45b13284fa8f909e11b33f76066eec8e2f6c67f05b81b63429848b50ab764?s=96&d=mm&r=g\",\"caption\":\"thisishello\"},\"url\":\"https:\\\/\\\/thisishello.com\\\/it\\\/blog\\\/author\\\/thisishello\\\/\"}]}<\/script>\n<!-- \/ Yoast SEO plugin. -->","yoast_head_json":{"title":"Hello, al via le iniziative di Diversity & Inclusion - Hello IT","description":"L\u2019agenzia presenta il programma di Uniqueness & Inclusion, volto a costruire e sostenere una cultura diversificata dove tutti si sentano inclusi.","robots":{"index":"index","follow":"follow","max-snippet":"max-snippet:-1","max-image-preview":"max-image-preview:large","max-video-preview":"max-video-preview:-1"},"canonical":"https:\/\/thisishello.com\/it\/blog\/hello-al-via-le-iniziative-diversity-inclusion\/","og_locale":"it_IT","og_type":"article","og_title":"Hello, al via le iniziative di Diversity & Inclusion - Hello IT","og_description":"L\u2019agenzia presenta il programma di Uniqueness & Inclusion, volto a costruire e sostenere una cultura diversificata dove tutti si sentano inclusi.","og_url":"https:\/\/thisishello.com\/it\/blog\/hello-al-via-le-iniziative-diversity-inclusion\/","og_site_name":"Hello IT","article_publisher":"https:\/\/www.facebook.com\/thisishelloit","article_published_time":"2023-02-14T11:47:00+00:00","article_modified_time":"2025-05-02T22:16:50+00:00","og_image":[{"width":1024,"height":683,"url":"https:\/\/thisishello.com\/it\/wp-content\/uploads\/sites\/3\/2023\/02\/Workshop-Body-Positivity-1024x683.jpg","type":"image\/jpeg"}],"author":"thisishello","twitter_card":"summary_large_image","twitter_title":"Hello, al via le iniziative di Diversity & Inclusion - Hello IT","twitter_misc":{"Scritto da":"thisishello","Tempo di lettura stimato":"4 minuti"},"schema":{"@context":"https:\/\/schema.org","@graph":[{"@type":"Article","@id":"https:\/\/thisishello.com\/it\/blog\/hello-al-via-le-iniziative-diversity-inclusion\/#article","isPartOf":{"@id":"https:\/\/thisishello.com\/it\/blog\/hello-al-via-le-iniziative-diversity-inclusion\/"},"author":{"name":"thisishello","@id":"https:\/\/thisishello.com\/it\/#\/schema\/person\/5e91b1c81aae1fac11fab3910338ca98"},"headline":"Hello, al via le iniziative di Diversity &#038; Inclusion","datePublished":"2023-02-14T11:47:00+00:00","dateModified":"2025-05-02T22:16:50+00:00","mainEntityOfPage":{"@id":"https:\/\/thisishello.com\/it\/blog\/hello-al-via-le-iniziative-diversity-inclusion\/"},"wordCount":695,"publisher":{"@id":"https:\/\/thisishello.com\/it\/#organization"},"image":{"@id":"https:\/\/thisishello.com\/it\/blog\/hello-al-via-le-iniziative-diversity-inclusion\/#primaryimage"},"thumbnailUrl":"https:\/\/thisishello.com\/it\/wp-content\/uploads\/sites\/3\/2023\/02\/Workshop-Body-Positivity-scaled.jpg","inLanguage":"it-IT"},{"@type":"WebPage","@id":"https:\/\/thisishello.com\/it\/blog\/hello-al-via-le-iniziative-diversity-inclusion\/","url":"https:\/\/thisishello.com\/it\/blog\/hello-al-via-le-iniziative-diversity-inclusion\/","name":"Hello, al via le iniziative di Diversity & Inclusion - Hello IT","isPartOf":{"@id":"https:\/\/thisishello.com\/it\/#website"},"primaryImageOfPage":{"@id":"https:\/\/thisishello.com\/it\/blog\/hello-al-via-le-iniziative-diversity-inclusion\/#primaryimage"},"image":{"@id":"https:\/\/thisishello.com\/it\/blog\/hello-al-via-le-iniziative-diversity-inclusion\/#primaryimage"},"thumbnailUrl":"https:\/\/thisishello.com\/it\/wp-content\/uploads\/sites\/3\/2023\/02\/Workshop-Body-Positivity-scaled.jpg","datePublished":"2023-02-14T11:47:00+00:00","dateModified":"2025-05-02T22:16:50+00:00","description":"L\u2019agenzia presenta il programma di Uniqueness & Inclusion, volto a costruire e sostenere una cultura diversificata dove tutti si sentano inclusi.","breadcrumb":{"@id":"https:\/\/thisishello.com\/it\/blog\/hello-al-via-le-iniziative-diversity-inclusion\/#breadcrumb"},"inLanguage":"it-IT","potentialAction":[{"@type":"ReadAction","target":["https:\/\/thisishello.com\/it\/blog\/hello-al-via-le-iniziative-diversity-inclusion\/"]}]},{"@type":"ImageObject","inLanguage":"it-IT","@id":"https:\/\/thisishello.com\/it\/blog\/hello-al-via-le-iniziative-diversity-inclusion\/#primaryimage","url":"https:\/\/thisishello.com\/it\/wp-content\/uploads\/sites\/3\/2023\/02\/Workshop-Body-Positivity-scaled.jpg","contentUrl":"https:\/\/thisishello.com\/it\/wp-content\/uploads\/sites\/3\/2023\/02\/Workshop-Body-Positivity-scaled.jpg","width":2560,"height":1707},{"@type":"BreadcrumbList","@id":"https:\/\/thisishello.com\/it\/blog\/hello-al-via-le-iniziative-diversity-inclusion\/#breadcrumb","itemListElement":[{"@type":"ListItem","position":1,"name":"Home","item":"https:\/\/thisishello.com\/it\/"},{"@type":"ListItem","position":2,"name":"Hello, al via le iniziative di Diversity &#038; Inclusion"}]},{"@type":"WebSite","@id":"https:\/\/thisishello.com\/it\/#website","url":"https:\/\/thisishello.com\/it\/","name":"Hello IT","description":"This Is Hello","publisher":{"@id":"https:\/\/thisishello.com\/it\/#organization"},"potentialAction":[{"@type":"SearchAction","target":{"@type":"EntryPoint","urlTemplate":"https:\/\/thisishello.com\/it\/?s={search_term_string}"},"query-input":{"@type":"PropertyValueSpecification","valueRequired":true,"valueName":"search_term_string"}}],"inLanguage":"it-IT"},{"@type":"Organization","@id":"https:\/\/thisishello.com\/it\/#organization","name":"This is Hello","url":"https:\/\/thisishello.com\/it\/","logo":{"@type":"ImageObject","inLanguage":"it-IT","@id":"https:\/\/thisishello.com\/it\/#\/schema\/logo\/image\/","url":"https:\/\/thisishello.it\/wp-content\/uploads\/2023\/01\/android-chrome-512x512-1.png","contentUrl":"https:\/\/thisishello.it\/wp-content\/uploads\/2023\/01\/android-chrome-512x512-1.png","width":512,"height":512,"caption":"This is Hello"},"image":{"@id":"https:\/\/thisishello.com\/it\/#\/schema\/logo\/image\/"},"sameAs":["https:\/\/www.facebook.com\/thisishelloit","https:\/\/www.instagram.com\/thisishelloit","https:\/\/it.linkedin.com\/company\/thisishello"]},{"@type":"Person","@id":"https:\/\/thisishello.com\/it\/#\/schema\/person\/5e91b1c81aae1fac11fab3910338ca98","name":"thisishello","image":{"@type":"ImageObject","inLanguage":"it-IT","@id":"https:\/\/secure.gravatar.com\/avatar\/75d45b13284fa8f909e11b33f76066eec8e2f6c67f05b81b63429848b50ab764?s=96&d=mm&r=g","url":"https:\/\/secure.gravatar.com\/avatar\/75d45b13284fa8f909e11b33f76066eec8e2f6c67f05b81b63429848b50ab764?s=96&d=mm&r=g","contentUrl":"https:\/\/secure.gravatar.com\/avatar\/75d45b13284fa8f909e11b33f76066eec8e2f6c67f05b81b63429848b50ab764?s=96&d=mm&r=g","caption":"thisishello"},"url":"https:\/\/thisishello.com\/it\/blog\/author\/thisishello\/"}]}},"_links":{"self":[{"href":"https:\/\/thisishello.com\/it\/wp-json\/wp\/v2\/posts\/5979","targetHints":{"allow":["GET"]}}],"collection":[{"href":"https:\/\/thisishello.com\/it\/wp-json\/wp\/v2\/posts"}],"about":[{"href":"https:\/\/thisishello.com\/it\/wp-json\/wp\/v2\/types\/post"}],"author":[{"embeddable":true,"href":"https:\/\/thisishello.com\/it\/wp-json\/wp\/v2\/users\/1008"}],"replies":[{"embeddable":true,"href":"https:\/\/thisishello.com\/it\/wp-json\/wp\/v2\/comments?post=5979"}],"version-history":[{"count":0,"href":"https:\/\/thisishello.com\/it\/wp-json\/wp\/v2\/posts\/5979\/revisions"}],"wp:featuredmedia":[{"embeddable":true,"href":"https:\/\/thisishello.com\/it\/wp-json\/wp\/v2\/media\/9377"}],"wp:attachment":[{"href":"https:\/\/thisishello.com\/it\/wp-json\/wp\/v2\/media?parent=5979"}],"wp:term":[{"taxonomy":"insight-type","embeddable":true,"href":"https:\/\/thisishello.com\/it\/wp-json\/wp\/v2\/insight-types?post=5979"},{"taxonomy":"topic","embeddable":true,"href":"https:\/\/thisishello.com\/it\/wp-json\/wp\/v2\/topics?post=5979"},{"taxonomy":"country","embeddable":true,"href":"https:\/\/thisishello.com\/it\/wp-json\/wp\/v2\/countries?post=5979"}],"curies":[{"name":"wp","href":"https:\/\/api.w.org\/{rel}","templated":true}]}}