{"id":10821,"date":"2024-02-15T16:16:00","date_gmt":"2024-02-15T15:16:00","guid":{"rendered":"https:\/\/thisishello.com\/it\/?p=10821"},"modified":"2025-06-17T18:30:55","modified_gmt":"2025-06-17T16:30:55","slug":"sanremo-2024-tra-attivismo-salute-mentale-ai-e-tiktok","status":"publish","type":"post","link":"https:\/\/thisishello.com\/it\/blog\/sanremo-2024-tra-attivismo-salute-mentale-ai-e-tiktok\/","title":{"rendered":"Sanremo 2024: tra attivismo, salute mentale, AI e TikTok"},"content":{"rendered":"\n<p>Il Festival di Sanremo 2024 ha brillato come un palcoscenico vibrante, non solo per la musica ma anche per l&#8217;attivismo, le nuove piattaforme di fruizione, le nuove tecnologie e una comunicazione multicanale.&nbsp;<\/p>\n\n\n\n<p><strong>ATTIVISMO E CANZONI DENUNCIA<\/strong><\/p>\n\n\n\n<p>Al Festival di Sanremo non sono mancate tematiche di attualit\u00e0 nonostante l&#8217;apparente volont\u00e0 di Amadeus di escludere la politica dall&#8217;evento. Ghali affronta nel suo brano <em>&#8220;Casa Mia&#8221;<\/em> questioni di identit\u00e0 e radici, denunciando le divisioni e le guerre. Marco Mengoni, co-conduttore, introduce il suo &#8220;preser-bacini&#8221; con un messaggio di uguaglianza nei baci, alludendo implicitamente alle posizioni conservative sull&#8217;amore non tradizionale. Dargen D&#8217;Amico porta la politica sul palco con <em>&#8220;Onda Alta&#8221;<\/em>, un brano che affronta il tema dei migranti e delle tragedie in mare. Il rapper lancia un appello per il cessate il fuoco nei confronti del popolo palestinese, collegando la sua esibizione a una denuncia contro i bombardamenti israeliani a Gaza.&nbsp;<\/p>\n\n\n\n<p>Le tematiche di denuncia portate al Festival incontrano l\u2019interesse della Gen Z, la quale si sta distinguendo dalle altre generazioni per il suo attivismo attraverso azioni concrete.&nbsp;<\/p>\n\n\n\n<p><strong>LA SALUTE MENTALE PROTAGONISTA DEL FESTIVAL&nbsp;<\/strong><\/p>\n\n\n\n<p>Sul palcoscenico del Festival di Sanremo 2024 sono state affrontate anche tematiche importanti come la salute mentale e il bullismo. Artisti come Il Tre, La Sad, Big Mama, Alessandra Amoroso e Sangiovanni rompono gli stereotipi e parlano apertamente delle proprie esperienze difficili. Il rapper Il Tre presenta il brano <em>&#8220;Fragili&#8221;<\/em>, esplorando la vulnerabilit\u00e0 e chiedendo scusa per i propri errori. Al di fuori dell&#8217;Ariston, ha allestito uno spazio chiamato <em>&#8220;Civico Il Tre&#8221;<\/em>, dedicato all&#8217;incontro e alla discussione sulla salute mentale in collaborazione con Progetto Itaca. Il trio punk La Sad affronta il tema del suicidio, collaborando con il Telefono Amico e portando consapevolezza sul palco con il messaggio &#8220;non parlarne \u00e8 un suicidio&#8221;. Il loro brano <em>&#8220;Autodistruttivo&#8221;<\/em> rappresenta un percorso biografico e artistico caratterizzato da autolesionismo, dipendenze e depressione. Big Mama, con una storia di bullismo e body shaming, ribalta la situazione con il brano <em>&#8220;La rabbia non ti basta&#8221;<\/em>, denunciando la violenza e invitando a parlare apertamente del dolore e a chiedere aiuto. Alessandra Amoroso affronta gli insulti online ricevuti, condividendo il suo periodo difficile a causa degli hater. Insieme, gli artisti stanno contribuendo a rompere il silenzio su questioni importanti, dimostrando che la musica pu\u00f2 essere un mezzo per guarire e affrontare le sfide della vita. Il cantante Sangiovanni, noto per la sua canzone <em>&#8220;Finiscimi&#8221;<\/em>, si apre sulla sua salute mentale durante Sanremo 2024, sottolineando l&#8217;importanza di non nascondere le proprie fragilit\u00e0. Con coraggio, ammette di vivere momenti di fatica e instabilit\u00e0 emotiva, esprimendo difficolt\u00e0 nel distinguere se sta bene o male. La sua canzone in gara riflette i momenti difficili che sta affrontando e il peso emotivo che porta con s\u00e9 sul palco.<\/p>\n\n\n\n<p><strong>SANREMO, TIKTOK E LA GEN Z<\/strong><\/p>\n\n\n\n<p><br>La Generazione Z ha influenzato in modo significativo le modalit\u00e0 di fruizione del Festival di Sanremo, privilegiando l&#8217;uso di piattaforme digitali come TikTok per seguire l&#8217;evento. Questa preferenza evidenzia un cambiamento nelle abitudini di consumo mediatico, con i giovani della GenZ che prediligono fruire del contenuto in modo frammentato e social, focalizzandosi su momenti iconici, trash e drammatici.&nbsp;<\/p>\n\n\n\n<p>Dalla condivisione di contenuti su TikTok durante Sanremo sono anche nati nuovi trend: come l&#8217;introduzione del termine <em>&#8220;boppone&#8221;<\/em> durante la prima serata del Festival. Questo termine denota un apprezzamento particolare per le performance di grande successo, introducendo un elemento di entusiasmo e approvazione nella descrizione delle esibizioni. La nascita del termine &#8220;<em>boppone&#8221;,<\/em> con il suo background musicale derivato dall&#8217;anglicismo &#8220;bop&#8221; nel jazz, conferisce al Festival di Sanremo un tocco di modernit\u00e0 e internazionalit\u00e0. La crescente popolarit\u00e0 di questo termine su piattaforme social durante eventi musicali simili, come l&#8217;Eurovision, suggerisce che questa tendenza va oltre il contesto specifico del Festival di Sanremo, rappresentando una dinamica pi\u00f9 ampia nel panorama dell&#8217;intrattenimento musicale contemporaneo.<\/p>\n\n\n\n<p><strong>L\u2019UTILIZZO DELL\u2019AI DA PARTE DEI BRAND<\/strong><\/p>\n\n\n\n<p>A Sanremo 2024, i brand hanno adottato strategie pi\u00f9 strutturate, favorendo attivazioni elaborate e riducendo i contenuti reattivi.&nbsp;<\/p>\n\n\n\n<p>Protagonista anche utilizzo dell\u2019AI in alcune attivazioni come in quella di Saikebon, che ha creato un &#8220;branded spin-off&#8221; del Festival di Sanremo utilizzando ChatGPT per generare testi di canzoni secondo specifiche indicazioni di stile e mood, e di Acqua Sant\u2019Anna, che ha dato il via a &#8216;AI, che ritmo!&#8217; il primo festival musicale della canzone generata con AI, che ha ospitato una serie di performance legate ai prodotti di Acqua Sant\u2019Anna.<\/p>\n\n\n\n<p><strong>ATTIVAZIONI OFF-SITE DEI CANTANTI IN GARA&nbsp;<\/strong><\/p>\n\n\n\n<p>Le attivazioni off-site durante il Festival sono state inaugurate dalla Rai Pubblicit\u00e0, l&#8217;ente responsabile della pubblicit\u00e0 durante il Festival, che ha organizzato &#8220;Tra palco e citt\u00e0&#8221;, un progetto di brand integration che ha trasformato Sanremo in un evento diffuso in vari luoghi simbolici della citt\u00e0 dei fiori. Oltre alla Rai, anche altri artisti hanno coinvolto fisicamente il pubblico con una serie di iniziative.<\/p>\n\n\n\n<p><em>L\u2019edicola di Dargen D\u2019Amico<\/em><\/p>\n\n\n\n<p>Dargen D&#8217;Amico ha attirato l&#8217;attenzione per la sua campagna promozionale centrata sull&#8217;edicola di piazza Muccioli. La sua canzone affronta il tema difficile e complesso del viaggio forzato e, per amplificare il messaggio, l&#8217;artista ha aperto un&#8217;edicola che diventa un luogo in cui discutere della condizione dei migranti con esperti e operatori umanitari, i quali hanno tenuto incontri giornalieri. Inoltre, D&#8217;Amico ha coinvolto l&#8217;illustratore Daniel Cuello per creare un fumetto a puntate che racconti il significato profondo della sua canzone. Ogni giorno sono state distribuite due pagine del fumetto e i pi\u00f9 piccoli hanno potuto partecipare a una caccia al tesoro per trovare minifigure di Dargen, realizzate con mattoncini Lego.&nbsp;<\/p>\n\n\n\n<p><em>La casa di Ghali<\/em><\/p>\n\n\n\n<p>Durante il Festival di Sanremo 2024, IKEA Italia ha presentato &#8220;Casa Ghali&#8221;, un&#8217;abitazione pop-up in via Palazzo, Sanremo, progettata su misura per il rapper milanese. La casa pop-up, che ha offerto un&#8217;esperienza digitale fruibile sui social network, \u00e8 stata pensata come una sorta di &#8220;piazza&#8221; per rappresentare l&#8217;identit\u00e0 e i sogni di Ghali. La collaborazione tra Ikea e Ghali \u00e8 stata descritta come un lavoro &#8220;attoriale&#8221;, dove \u00e8 stato studiato il personaggio dell&#8217;artista per creare uno spazio che rispecchiasse le sue ambizioni e la sua prospettiva. Casa Ghali non \u00e8 solo un arredamento colorato, ma racconta una storia e rappresenta il vissuto di Ghali. L&#8217;artista riflette sulla sua infanzia in un piccolo appartamento in una palazzina popolare, ricordando gli sfratti e i frequenti cambiamenti di domicilio. Il rapper italo-tunisino, condivide la sfida di sentirsi a casa in un paese che talvolta non lo accoglie completamente, e parla dell&#8217;esperienza di appartenere a un gruppo di persone che si trova &#8220;nel mezzo, fra due case&#8221;.<\/p>\n\n\n\n<p><em>Il pigiama party di Mahmood<\/em><\/p>\n\n\n\n<p>Il 16 febbraio, Mahmood pubblicher\u00e0 il suo nuovo album &#8220;Nei letti degli altri&#8221;. Durante il Festival di Sanremo, l&#8217;artista \u00e8 stato in gara con la canzone &#8220;Tuta gold&#8221;, che rappresenta un viaggio tra presente e passato. Il brano esplora i ricordi di un ragazzo che, guardando la luna fuori da una tenda in un rave, riflette sulla sua adolescenza vissuta in periferia, sulle vecchie amicizie e su come abbia trovato forza anche attraverso le esperienze dolorose della vita. Mahmood ha organizzato un pigiama party nel suo truck-letto a Sanremo, coinvolgendo i suoi fan e creando un&#8217;atmosfera intima e accogliente.&nbsp;<\/p>\n","protected":false},"excerpt":{"rendered":"<p>Il Festival di Sanremo 2024 si conferma un palcoscenico non solo musicale, ma anche di attivismo e denunce sociali, che continua ad attrarre un pubblico sempre pi\u00f9 ampio.<\/p>\n","protected":false},"author":1008,"featured_media":10884,"comment_status":"closed","ping_status":"closed","sticky":false,"template":"","format":"standard","meta":{"inline_featured_image":false,"_author_name_metafield":"","_author_role_metafield":"","footnotes":""},"insight-types":[7898],"topics":[7901],"countries":[7813],"class_list":["post-10821","post","type-post","status-publish","format-standard","has-post-thumbnail","hentry","insight-type-trend","topic-tendenze","country-italia"],"yoast_head":"<!-- This site is optimized with the Yoast SEO plugin v27.4 - https:\/\/yoast.com\/product\/yoast-seo-wordpress\/ -->\n<title>Sanremo 2024: tra attivismo, salute mentale, AI e TikTok - Hello IT<\/title>\n<meta name=\"description\" content=\"Il Festival di Sanremo 2024 si conferma un palcoscenico non solo musicale, ma anche di attivismo e denunce sociali, che continua ad attrarre un pubblico sempre pi\u00f9 ampio.\" \/>\n<meta name=\"robots\" content=\"index, follow, max-snippet:-1, max-image-preview:large, max-video-preview:-1\" \/>\n<link rel=\"canonical\" href=\"https:\/\/thisishello.com\/it\/blog\/sanremo-2024-tra-attivismo-salute-mentale-ai-e-tiktok\/\" \/>\n<meta property=\"og:locale\" content=\"it_IT\" \/>\n<meta property=\"og:type\" content=\"article\" \/>\n<meta property=\"og:title\" content=\"Sanremo 2024: tra attivismo, salute mentale, AI e TikTok - Hello IT\" \/>\n<meta property=\"og:description\" content=\"Il Festival di Sanremo 2024 si conferma un palcoscenico non solo musicale, ma anche di attivismo e denunce sociali, che continua ad attrarre un pubblico sempre pi\u00f9 ampio.\" \/>\n<meta property=\"og:url\" content=\"https:\/\/thisishello.com\/it\/blog\/sanremo-2024-tra-attivismo-salute-mentale-ai-e-tiktok\/\" \/>\n<meta property=\"og:site_name\" content=\"Hello IT\" \/>\n<meta property=\"article:publisher\" content=\"https:\/\/www.facebook.com\/thisishelloit\" \/>\n<meta property=\"article:published_time\" content=\"2024-02-15T15:16:00+00:00\" \/>\n<meta property=\"article:modified_time\" content=\"2025-06-17T16:30:55+00:00\" \/>\n<meta property=\"og:image\" content=\"https:\/\/thisishello.com\/it\/wp-content\/uploads\/sites\/3\/2024\/02\/HELLO_Sanremo-opt.jpg\" \/>\n\t<meta property=\"og:image:width\" content=\"1920\" \/>\n\t<meta property=\"og:image:height\" content=\"1080\" \/>\n\t<meta property=\"og:image:type\" content=\"image\/jpeg\" \/>\n<meta name=\"author\" content=\"thisishello\" \/>\n<meta name=\"twitter:card\" content=\"summary_large_image\" \/>\n<meta name=\"twitter:label1\" content=\"Scritto da\" \/>\n\t<meta name=\"twitter:data1\" content=\"thisishello\" \/>\n\t<meta name=\"twitter:label2\" content=\"Tempo di lettura stimato\" \/>\n\t<meta name=\"twitter:data2\" content=\"7 minuti\" \/>\n<script type=\"application\/ld+json\" class=\"yoast-schema-graph\">{\"@context\":\"https:\\\/\\\/schema.org\",\"@graph\":[{\"@type\":\"Article\",\"@id\":\"https:\\\/\\\/thisishello.com\\\/it\\\/blog\\\/sanremo-2024-tra-attivismo-salute-mentale-ai-e-tiktok\\\/#article\",\"isPartOf\":{\"@id\":\"https:\\\/\\\/thisishello.com\\\/it\\\/blog\\\/sanremo-2024-tra-attivismo-salute-mentale-ai-e-tiktok\\\/\"},\"author\":{\"name\":\"thisishello\",\"@id\":\"https:\\\/\\\/thisishello.com\\\/it\\\/#\\\/schema\\\/person\\\/5e91b1c81aae1fac11fab3910338ca98\"},\"headline\":\"Sanremo 2024: tra attivismo, salute mentale, AI e TikTok\",\"datePublished\":\"2024-02-15T15:16:00+00:00\",\"dateModified\":\"2025-06-17T16:30:55+00:00\",\"mainEntityOfPage\":{\"@id\":\"https:\\\/\\\/thisishello.com\\\/it\\\/blog\\\/sanremo-2024-tra-attivismo-salute-mentale-ai-e-tiktok\\\/\"},\"wordCount\":1193,\"publisher\":{\"@id\":\"https:\\\/\\\/thisishello.com\\\/it\\\/#organization\"},\"image\":{\"@id\":\"https:\\\/\\\/thisishello.com\\\/it\\\/blog\\\/sanremo-2024-tra-attivismo-salute-mentale-ai-e-tiktok\\\/#primaryimage\"},\"thumbnailUrl\":\"https:\\\/\\\/thisishello.com\\\/it\\\/wp-content\\\/uploads\\\/sites\\\/3\\\/2024\\\/02\\\/HELLO_Sanremo-opt.jpg\",\"inLanguage\":\"it-IT\"},{\"@type\":\"WebPage\",\"@id\":\"https:\\\/\\\/thisishello.com\\\/it\\\/blog\\\/sanremo-2024-tra-attivismo-salute-mentale-ai-e-tiktok\\\/\",\"url\":\"https:\\\/\\\/thisishello.com\\\/it\\\/blog\\\/sanremo-2024-tra-attivismo-salute-mentale-ai-e-tiktok\\\/\",\"name\":\"Sanremo 2024: tra attivismo, salute mentale, AI e TikTok - Hello IT\",\"isPartOf\":{\"@id\":\"https:\\\/\\\/thisishello.com\\\/it\\\/#website\"},\"primaryImageOfPage\":{\"@id\":\"https:\\\/\\\/thisishello.com\\\/it\\\/blog\\\/sanremo-2024-tra-attivismo-salute-mentale-ai-e-tiktok\\\/#primaryimage\"},\"image\":{\"@id\":\"https:\\\/\\\/thisishello.com\\\/it\\\/blog\\\/sanremo-2024-tra-attivismo-salute-mentale-ai-e-tiktok\\\/#primaryimage\"},\"thumbnailUrl\":\"https:\\\/\\\/thisishello.com\\\/it\\\/wp-content\\\/uploads\\\/sites\\\/3\\\/2024\\\/02\\\/HELLO_Sanremo-opt.jpg\",\"datePublished\":\"2024-02-15T15:16:00+00:00\",\"dateModified\":\"2025-06-17T16:30:55+00:00\",\"description\":\"Il Festival di Sanremo 2024 si conferma un palcoscenico non solo musicale, ma anche di attivismo e denunce sociali, che continua ad attrarre un pubblico sempre pi\u00f9 ampio.\",\"breadcrumb\":{\"@id\":\"https:\\\/\\\/thisishello.com\\\/it\\\/blog\\\/sanremo-2024-tra-attivismo-salute-mentale-ai-e-tiktok\\\/#breadcrumb\"},\"inLanguage\":\"it-IT\",\"potentialAction\":[{\"@type\":\"ReadAction\",\"target\":[\"https:\\\/\\\/thisishello.com\\\/it\\\/blog\\\/sanremo-2024-tra-attivismo-salute-mentale-ai-e-tiktok\\\/\"]}]},{\"@type\":\"ImageObject\",\"inLanguage\":\"it-IT\",\"@id\":\"https:\\\/\\\/thisishello.com\\\/it\\\/blog\\\/sanremo-2024-tra-attivismo-salute-mentale-ai-e-tiktok\\\/#primaryimage\",\"url\":\"https:\\\/\\\/thisishello.com\\\/it\\\/wp-content\\\/uploads\\\/sites\\\/3\\\/2024\\\/02\\\/HELLO_Sanremo-opt.jpg\",\"contentUrl\":\"https:\\\/\\\/thisishello.com\\\/it\\\/wp-content\\\/uploads\\\/sites\\\/3\\\/2024\\\/02\\\/HELLO_Sanremo-opt.jpg\",\"width\":1920,\"height\":1080},{\"@type\":\"BreadcrumbList\",\"@id\":\"https:\\\/\\\/thisishello.com\\\/it\\\/blog\\\/sanremo-2024-tra-attivismo-salute-mentale-ai-e-tiktok\\\/#breadcrumb\",\"itemListElement\":[{\"@type\":\"ListItem\",\"position\":1,\"name\":\"Home\",\"item\":\"https:\\\/\\\/thisishello.com\\\/it\\\/\"},{\"@type\":\"ListItem\",\"position\":2,\"name\":\"Sanremo 2024: tra attivismo, salute mentale, AI e TikTok\"}]},{\"@type\":\"WebSite\",\"@id\":\"https:\\\/\\\/thisishello.com\\\/it\\\/#website\",\"url\":\"https:\\\/\\\/thisishello.com\\\/it\\\/\",\"name\":\"Hello IT\",\"description\":\"This Is Hello\",\"publisher\":{\"@id\":\"https:\\\/\\\/thisishello.com\\\/it\\\/#organization\"},\"potentialAction\":[{\"@type\":\"SearchAction\",\"target\":{\"@type\":\"EntryPoint\",\"urlTemplate\":\"https:\\\/\\\/thisishello.com\\\/it\\\/?s={search_term_string}\"},\"query-input\":{\"@type\":\"PropertyValueSpecification\",\"valueRequired\":true,\"valueName\":\"search_term_string\"}}],\"inLanguage\":\"it-IT\"},{\"@type\":\"Organization\",\"@id\":\"https:\\\/\\\/thisishello.com\\\/it\\\/#organization\",\"name\":\"This is Hello\",\"url\":\"https:\\\/\\\/thisishello.com\\\/it\\\/\",\"logo\":{\"@type\":\"ImageObject\",\"inLanguage\":\"it-IT\",\"@id\":\"https:\\\/\\\/thisishello.com\\\/it\\\/#\\\/schema\\\/logo\\\/image\\\/\",\"url\":\"https:\\\/\\\/thisishello.it\\\/wp-content\\\/uploads\\\/2023\\\/01\\\/android-chrome-512x512-1.png\",\"contentUrl\":\"https:\\\/\\\/thisishello.it\\\/wp-content\\\/uploads\\\/2023\\\/01\\\/android-chrome-512x512-1.png\",\"width\":512,\"height\":512,\"caption\":\"This is Hello\"},\"image\":{\"@id\":\"https:\\\/\\\/thisishello.com\\\/it\\\/#\\\/schema\\\/logo\\\/image\\\/\"},\"sameAs\":[\"https:\\\/\\\/www.facebook.com\\\/thisishelloit\",\"https:\\\/\\\/www.instagram.com\\\/thisishelloit\",\"https:\\\/\\\/it.linkedin.com\\\/company\\\/thisishello\"]},{\"@type\":\"Person\",\"@id\":\"https:\\\/\\\/thisishello.com\\\/it\\\/#\\\/schema\\\/person\\\/5e91b1c81aae1fac11fab3910338ca98\",\"name\":\"thisishello\",\"image\":{\"@type\":\"ImageObject\",\"inLanguage\":\"it-IT\",\"@id\":\"https:\\\/\\\/secure.gravatar.com\\\/avatar\\\/75d45b13284fa8f909e11b33f76066eec8e2f6c67f05b81b63429848b50ab764?s=96&d=mm&r=g\",\"url\":\"https:\\\/\\\/secure.gravatar.com\\\/avatar\\\/75d45b13284fa8f909e11b33f76066eec8e2f6c67f05b81b63429848b50ab764?s=96&d=mm&r=g\",\"contentUrl\":\"https:\\\/\\\/secure.gravatar.com\\\/avatar\\\/75d45b13284fa8f909e11b33f76066eec8e2f6c67f05b81b63429848b50ab764?s=96&d=mm&r=g\",\"caption\":\"thisishello\"},\"url\":\"https:\\\/\\\/thisishello.com\\\/it\\\/blog\\\/author\\\/thisishello\\\/\"}]}<\/script>\n<!-- \/ Yoast SEO plugin. -->","yoast_head_json":{"title":"Sanremo 2024: tra attivismo, salute mentale, AI e TikTok - Hello IT","description":"Il Festival di Sanremo 2024 si conferma un palcoscenico non solo musicale, ma anche di attivismo e denunce sociali, che continua ad attrarre un pubblico sempre pi\u00f9 ampio.","robots":{"index":"index","follow":"follow","max-snippet":"max-snippet:-1","max-image-preview":"max-image-preview:large","max-video-preview":"max-video-preview:-1"},"canonical":"https:\/\/thisishello.com\/it\/blog\/sanremo-2024-tra-attivismo-salute-mentale-ai-e-tiktok\/","og_locale":"it_IT","og_type":"article","og_title":"Sanremo 2024: tra attivismo, salute mentale, AI e TikTok - Hello IT","og_description":"Il Festival di Sanremo 2024 si conferma un palcoscenico non solo musicale, ma anche di attivismo e denunce sociali, che continua ad attrarre un pubblico sempre pi\u00f9 ampio.","og_url":"https:\/\/thisishello.com\/it\/blog\/sanremo-2024-tra-attivismo-salute-mentale-ai-e-tiktok\/","og_site_name":"Hello IT","article_publisher":"https:\/\/www.facebook.com\/thisishelloit","article_published_time":"2024-02-15T15:16:00+00:00","article_modified_time":"2025-06-17T16:30:55+00:00","og_image":[{"width":1920,"height":1080,"url":"https:\/\/thisishello.com\/it\/wp-content\/uploads\/sites\/3\/2024\/02\/HELLO_Sanremo-opt.jpg","type":"image\/jpeg"}],"author":"thisishello","twitter_card":"summary_large_image","twitter_misc":{"Scritto da":"thisishello","Tempo di lettura stimato":"7 minuti"},"schema":{"@context":"https:\/\/schema.org","@graph":[{"@type":"Article","@id":"https:\/\/thisishello.com\/it\/blog\/sanremo-2024-tra-attivismo-salute-mentale-ai-e-tiktok\/#article","isPartOf":{"@id":"https:\/\/thisishello.com\/it\/blog\/sanremo-2024-tra-attivismo-salute-mentale-ai-e-tiktok\/"},"author":{"name":"thisishello","@id":"https:\/\/thisishello.com\/it\/#\/schema\/person\/5e91b1c81aae1fac11fab3910338ca98"},"headline":"Sanremo 2024: tra attivismo, salute mentale, AI e TikTok","datePublished":"2024-02-15T15:16:00+00:00","dateModified":"2025-06-17T16:30:55+00:00","mainEntityOfPage":{"@id":"https:\/\/thisishello.com\/it\/blog\/sanremo-2024-tra-attivismo-salute-mentale-ai-e-tiktok\/"},"wordCount":1193,"publisher":{"@id":"https:\/\/thisishello.com\/it\/#organization"},"image":{"@id":"https:\/\/thisishello.com\/it\/blog\/sanremo-2024-tra-attivismo-salute-mentale-ai-e-tiktok\/#primaryimage"},"thumbnailUrl":"https:\/\/thisishello.com\/it\/wp-content\/uploads\/sites\/3\/2024\/02\/HELLO_Sanremo-opt.jpg","inLanguage":"it-IT"},{"@type":"WebPage","@id":"https:\/\/thisishello.com\/it\/blog\/sanremo-2024-tra-attivismo-salute-mentale-ai-e-tiktok\/","url":"https:\/\/thisishello.com\/it\/blog\/sanremo-2024-tra-attivismo-salute-mentale-ai-e-tiktok\/","name":"Sanremo 2024: tra attivismo, salute mentale, AI e TikTok - Hello IT","isPartOf":{"@id":"https:\/\/thisishello.com\/it\/#website"},"primaryImageOfPage":{"@id":"https:\/\/thisishello.com\/it\/blog\/sanremo-2024-tra-attivismo-salute-mentale-ai-e-tiktok\/#primaryimage"},"image":{"@id":"https:\/\/thisishello.com\/it\/blog\/sanremo-2024-tra-attivismo-salute-mentale-ai-e-tiktok\/#primaryimage"},"thumbnailUrl":"https:\/\/thisishello.com\/it\/wp-content\/uploads\/sites\/3\/2024\/02\/HELLO_Sanremo-opt.jpg","datePublished":"2024-02-15T15:16:00+00:00","dateModified":"2025-06-17T16:30:55+00:00","description":"Il Festival di Sanremo 2024 si conferma un palcoscenico non solo musicale, ma anche di attivismo e denunce sociali, che continua ad attrarre un pubblico sempre pi\u00f9 ampio.","breadcrumb":{"@id":"https:\/\/thisishello.com\/it\/blog\/sanremo-2024-tra-attivismo-salute-mentale-ai-e-tiktok\/#breadcrumb"},"inLanguage":"it-IT","potentialAction":[{"@type":"ReadAction","target":["https:\/\/thisishello.com\/it\/blog\/sanremo-2024-tra-attivismo-salute-mentale-ai-e-tiktok\/"]}]},{"@type":"ImageObject","inLanguage":"it-IT","@id":"https:\/\/thisishello.com\/it\/blog\/sanremo-2024-tra-attivismo-salute-mentale-ai-e-tiktok\/#primaryimage","url":"https:\/\/thisishello.com\/it\/wp-content\/uploads\/sites\/3\/2024\/02\/HELLO_Sanremo-opt.jpg","contentUrl":"https:\/\/thisishello.com\/it\/wp-content\/uploads\/sites\/3\/2024\/02\/HELLO_Sanremo-opt.jpg","width":1920,"height":1080},{"@type":"BreadcrumbList","@id":"https:\/\/thisishello.com\/it\/blog\/sanremo-2024-tra-attivismo-salute-mentale-ai-e-tiktok\/#breadcrumb","itemListElement":[{"@type":"ListItem","position":1,"name":"Home","item":"https:\/\/thisishello.com\/it\/"},{"@type":"ListItem","position":2,"name":"Sanremo 2024: tra attivismo, salute mentale, AI e TikTok"}]},{"@type":"WebSite","@id":"https:\/\/thisishello.com\/it\/#website","url":"https:\/\/thisishello.com\/it\/","name":"Hello IT","description":"This Is Hello","publisher":{"@id":"https:\/\/thisishello.com\/it\/#organization"},"potentialAction":[{"@type":"SearchAction","target":{"@type":"EntryPoint","urlTemplate":"https:\/\/thisishello.com\/it\/?s={search_term_string}"},"query-input":{"@type":"PropertyValueSpecification","valueRequired":true,"valueName":"search_term_string"}}],"inLanguage":"it-IT"},{"@type":"Organization","@id":"https:\/\/thisishello.com\/it\/#organization","name":"This is Hello","url":"https:\/\/thisishello.com\/it\/","logo":{"@type":"ImageObject","inLanguage":"it-IT","@id":"https:\/\/thisishello.com\/it\/#\/schema\/logo\/image\/","url":"https:\/\/thisishello.it\/wp-content\/uploads\/2023\/01\/android-chrome-512x512-1.png","contentUrl":"https:\/\/thisishello.it\/wp-content\/uploads\/2023\/01\/android-chrome-512x512-1.png","width":512,"height":512,"caption":"This is Hello"},"image":{"@id":"https:\/\/thisishello.com\/it\/#\/schema\/logo\/image\/"},"sameAs":["https:\/\/www.facebook.com\/thisishelloit","https:\/\/www.instagram.com\/thisishelloit","https:\/\/it.linkedin.com\/company\/thisishello"]},{"@type":"Person","@id":"https:\/\/thisishello.com\/it\/#\/schema\/person\/5e91b1c81aae1fac11fab3910338ca98","name":"thisishello","image":{"@type":"ImageObject","inLanguage":"it-IT","@id":"https:\/\/secure.gravatar.com\/avatar\/75d45b13284fa8f909e11b33f76066eec8e2f6c67f05b81b63429848b50ab764?s=96&d=mm&r=g","url":"https:\/\/secure.gravatar.com\/avatar\/75d45b13284fa8f909e11b33f76066eec8e2f6c67f05b81b63429848b50ab764?s=96&d=mm&r=g","contentUrl":"https:\/\/secure.gravatar.com\/avatar\/75d45b13284fa8f909e11b33f76066eec8e2f6c67f05b81b63429848b50ab764?s=96&d=mm&r=g","caption":"thisishello"},"url":"https:\/\/thisishello.com\/it\/blog\/author\/thisishello\/"}]}},"_links":{"self":[{"href":"https:\/\/thisishello.com\/it\/wp-json\/wp\/v2\/posts\/10821","targetHints":{"allow":["GET"]}}],"collection":[{"href":"https:\/\/thisishello.com\/it\/wp-json\/wp\/v2\/posts"}],"about":[{"href":"https:\/\/thisishello.com\/it\/wp-json\/wp\/v2\/types\/post"}],"author":[{"embeddable":true,"href":"https:\/\/thisishello.com\/it\/wp-json\/wp\/v2\/users\/1008"}],"replies":[{"embeddable":true,"href":"https:\/\/thisishello.com\/it\/wp-json\/wp\/v2\/comments?post=10821"}],"version-history":[{"count":0,"href":"https:\/\/thisishello.com\/it\/wp-json\/wp\/v2\/posts\/10821\/revisions"}],"wp:featuredmedia":[{"embeddable":true,"href":"https:\/\/thisishello.com\/it\/wp-json\/wp\/v2\/media\/10884"}],"wp:attachment":[{"href":"https:\/\/thisishello.com\/it\/wp-json\/wp\/v2\/media?parent=10821"}],"wp:term":[{"taxonomy":"insight-type","embeddable":true,"href":"https:\/\/thisishello.com\/it\/wp-json\/wp\/v2\/insight-types?post=10821"},{"taxonomy":"topic","embeddable":true,"href":"https:\/\/thisishello.com\/it\/wp-json\/wp\/v2\/topics?post=10821"},{"taxonomy":"country","embeddable":true,"href":"https:\/\/thisishello.com\/it\/wp-json\/wp\/v2\/countries?post=10821"}],"curies":[{"name":"wp","href":"https:\/\/api.w.org\/{rel}","templated":true}]}}